{"id":11720834,"date":"2021-12-15T10:12:00","date_gmt":"2021-12-15T14:12:00","guid":{"rendered":"http:\/\/www.corumbaonline.com.br\/news\/?p=11720834"},"modified":"2021-12-15T11:51:52","modified_gmt":"2021-12-15T15:51:52","slug":"vereador-pede-reforma-de-pracas-esportivas-para-melhor-qualidade-de-vida-da-comunidade","status":"publish","type":"post","link":"https:\/\/www.corumbaonline.com.br\/news\/vereador-pede-reforma-de-pracas-esportivas-para-melhor-qualidade-de-vida-da-comunidade\/","title":{"rendered":"Vereador pede reforma de pra\u00e7as esportivas para melhor qualidade de vida da comunidade"},"content":{"rendered":"<p>O vereador Daniel Brambilla est\u00e1 reivindicando junto \u00e0 Prefeitura, a execu\u00e7\u00e3o de obras de reformas em todas as pra\u00e7as localizadas na cidade, para dot\u00e1-las de perfeitas condi\u00e7\u00f5es de uso para o laser e pr\u00e1ticas esportivas, permitindo assim uma melhoria na qualidade de vida da popula\u00e7\u00e3o.<\/p>\n<p>Ontem, ter\u00e7a-feira (14), ao apresentar a indica\u00e7\u00e3o, Daniel lembrou que, com a redu\u00e7\u00e3o da incid\u00eancia de casos de Covid-19 na cidade, a vida est\u00e1 voltando ao normal gradativamente, e que por isso mesmo \u00e9 preciso dotar os espa\u00e7os esportivos e de lazer, de condi\u00e7\u00f5es ideais de uso por parte dos corumbaenses.<\/p>\n<p>Por isso mesmo ele sugeriu ao secret\u00e1rio Luiz Fernando Moreira, de Infraestrutura e Servi\u00e7o P\u00fablicos, o desenvolvimento de um projeto para reforma das pra\u00e7as em 2022, para fortalecer e incentivar a pr\u00e1tica esportiva em ano de Copa do Mundo de Futebol.<\/p>\n<p>\u201cA pr\u00e1tica esportiva significa melhoria da qualidade de vida dos cidad\u00e3os, uma op\u00e7\u00e3o segura de esporte e lazer para as crian\u00e7as, adolescentes e adultos, e porque n\u00e3o para a fam\u00edlia toda. Al\u00e9m disso, a realiza\u00e7\u00e3o da Copa do Mundo permitir\u00e1 momento de aprendizagem e incentivo ao esporte, estimulando ainda mis o desporto em 2022\u201d, destacou.<\/p>\n<p>CAMPOS DE FUTEBOL<\/p>\n<p>Daniel solicitou ainda ao secret\u00e1rio, o desenvolvimento de um projeto visando dotar todos os campos de futebol que n\u00e3o forem contemplados pelo programa do Governo do Estado denominado &#8211; \u201cMS bom de bola\u201d, com a mesma qualidade do gramado e com recursos pr\u00f3prios do munic\u00edpio.<\/p>\n<p>Ele lembrou que, recentemente, o Estado divulgou esse projeto que prev\u00ea a instala\u00e7\u00e3o de arenas esportivas com grama sint\u00e9tica nos munic\u00edpios. \u201cCorumb\u00e1 ser\u00e1 contemplada, mas caso n\u00e3o possa atender os campos de futebol em sua totalidade, estamos pedindo para que o Munic\u00edpio j\u00e1 se planeje, atendendo todos os campos existentes nos bairros da cidade\u201d, refor\u00e7ou.<\/p>\n","protected":false},"excerpt":{"rendered":"<p>O vereador Daniel Brambilla est\u00e1 reivindicando junto \u00e0 Prefeitura, a execu\u00e7\u00e3o de obras de reformas&#8230;<\/p>\n","protected":false},"author":63,"featured_media":0,"comment_status":"closed","ping_status":"closed","sticky":false,"template":"","format":"standard","meta":{"footnotes":""},"categories":[19],"tags":[],"class_list":["post-11720834","post","type-post","status-publish","format-standard","hentry","category-politica"],"_links":{"self":[{"href":"https:\/\/www.corumbaonline.com.br\/news\/wp-json\/wp\/v2\/posts\/11720834","targetHints":{"allow":["GET"]}}],"collection":[{"href":"https:\/\/www.corumbaonline.com.br\/news\/wp-json\/wp\/v2\/posts"}],"about":[{"href":"https:\/\/www.corumbaonline.com.br\/news\/wp-json\/wp\/v2\/types\/post"}],"author":[{"embeddable":true,"href":"https:\/\/www.corumbaonline.com.br\/news\/wp-json\/wp\/v2\/users\/63"}],"replies":[{"embeddable":true,"href":"https:\/\/www.corumbaonline.com.br\/news\/wp-json\/wp\/v2\/comments?post=11720834"}],"version-history":[{"count":1,"href":"https:\/\/www.corumbaonline.com.br\/news\/wp-json\/wp\/v2\/posts\/11720834\/revisions"}],"predecessor-version":[{"id":11720835,"href":"https:\/\/www.corumbaonline.com.br\/news\/wp-json\/wp\/v2\/posts\/11720834\/revisions\/11720835"}],"wp:attachment":[{"href":"https:\/\/www.corumbaonline.com.br\/news\/wp-json\/wp\/v2\/media?parent=11720834"}],"wp:term":[{"taxonomy":"category","embeddable":true,"href":"https:\/\/www.corumbaonline.com.br\/news\/wp-json\/wp\/v2\/categories?post=11720834"},{"taxonomy":"post_tag","embeddable":true,"href":"https:\/\/www.corumbaonline.com.br\/news\/wp-json\/wp\/v2\/tags?post=11720834"}],"curies":[{"name":"wp","href":"https:\/\/api.w.org\/{rel}","templated":true}]}}