{"id":11720858,"date":"2021-12-16T08:27:00","date_gmt":"2021-12-16T12:27:00","guid":{"rendered":"http:\/\/www.corumbaonline.com.br\/news\/?p=11720858"},"modified":"2021-12-16T08:56:09","modified_gmt":"2021-12-16T12:56:09","slug":"atletico-mg-vence-a-copa-do-brasil-e-conclui-ano-magico","status":"publish","type":"post","link":"https:\/\/www.corumbaonline.com.br\/news\/atletico-mg-vence-a-copa-do-brasil-e-conclui-ano-magico\/","title":{"rendered":"Na C\u00e2mara, vereador pede urg\u00eancia na reconstru\u00e7\u00e3o de galerias da Cervejaria"},"content":{"rendered":"<p>O vereador Nelsinho Dib est\u00e1 buscando junto \u00e0 Prefeitura de Corumb\u00e1, a realiza\u00e7\u00e3o de obras necess\u00e1rias para recuperar as galerias existentes no Bairro da Cervejaria, inclusive com cobertura para maior seguran\u00e7a dos moradores.<\/p>\n<p>Os pedidos feitos durante sess\u00e3o da C\u00e2mara e direcionados ao secret\u00e1rio Luiz Fernando Moreira, de Infraestrutura e Servi\u00e7os P\u00fablicos, visam recuperar a galeria de \u00e1guas pluviais que desce pela Ladeira C\u00e1ceres at\u00e9 a Rua Domingos Sahib, no sentido de evitar novos acidentes como queda de pessoas e ve\u00edculos no local, devido \u00e0 aus\u00eancia de cobertura.<\/p>\n<p>Visa tamb\u00e9m recuperar a parede de sustenta\u00e7\u00e3o e cobertura da galeria existente entre a Igreja S\u00e3o Pedro e a Creche Municipal Val\u00f3dia Serra, na Rua Brand\u00e3o Junior. Pediu um relat\u00f3rio de fiscaliza\u00e7\u00e3o do servi\u00e7o, bem como sobre quais ser\u00e3o as provid\u00eancias em rela\u00e7\u00e3o \u00e0 empresa respons\u00e1vel pela obra, em fun\u00e7\u00e3o do desbarrancamento e queda de parte da galeria.<\/p>\n<p>MAIS SERVI\u00c7OS<\/p>\n<p>O vereador est\u00e1 solicitando tamb\u00e9m a pavimenta\u00e7\u00e3o da Alameda Nossa Senhora Aparecida, localizada na Rua 28 de Setembro (prolongamento da Dom Aquino), entre as ruas Lad\u00e1rio e Tenente Benedito Melquiades de Jesus, no centro, para melhorar as condi\u00e7\u00f5es de vida dos moradores.<\/p>\n<p>Requereu manuten\u00e7\u00e3o do sistema de ilumina\u00e7\u00e3o p\u00fablica Alameda An\u00e9sia Pinheiro, entre as ruas Tenente Benedito Melquiades de Jesus e Geraldino Martins de Barros, no Bairro Cristo Redentor, para eliminar a escurid\u00e3o e garantir maior seguran\u00e7a aos moradores.<\/p>\n<p>SA\u00daDE<\/p>\n<p>J\u00e1 ao secret\u00e1rio Rog\u00e9rio dos Santos Leite, de Sa\u00fade, o vereador Nelsinho est\u00e1 pedindo presen\u00e7a de m\u00e9dico titular, atuando deforma direta na unidade de sa\u00fade do Bairro Nova Corumb\u00e1, para acabar com a falta de profissional no local, causando preju\u00edzos aos moradores que s\u00e3o obrigados a procurar outro posto, enfrentando filas enormes.<\/p>\n<p>Outra solicita\u00e7\u00e3o foi em rela\u00e7\u00e3o \u00e0 implanta\u00e7\u00e3o de uma cobertura na Unidade de Estrat\u00e9gia de Sa\u00fade da Fam\u00edlia Kadw\u00e9us \/ Unidade B\u00e1sica de Sa\u00fade Dra. L\u00facia Pereira de Carvalho, para melhor acomodar a popula\u00e7\u00e3o que busca atendimento no local.<\/p>\n<p>INTERNET<\/p>\n<p>Por outro lado, o vereador est\u00e1 reivindicando junto ao prefeito Marcelo Iunes, a disponibiliza\u00e7\u00e3o de internet Wi-Fi no novo terminal rodovi\u00e1rio localizado na Rua Ant\u00f4nio Maria Coelho, esquina com a Delmare, para atender os usu\u00e1rios do transporte coletivo de passageiros, bem como cumprir o que foi previsto no lan\u00e7amento da obra.<\/p>\n<p>INFORMA\u00c7\u00d5ES<\/p>\n<p>Em outro requerimento, Nelsinho pede informa\u00e7\u00f5es junto \u00e0 pasta de Assist\u00eancia Social e Cidadania, referentes aos procedimentos quanto ao funcionamento de programa relativo ao fornecimento do denominado \u2018Caix\u00e3o Social\u2019, para saber quem tem direito, quais os documentos necess\u00e1rios, onde realizar o pedido, entre outras informa\u00e7\u00f5es.<\/p>\n<p>HOMENAGEM<\/p>\n<p>O vereador teve aprovado um requerimento em que homenageia com Mo\u00e7\u00e3o de Congratula\u00e7\u00e3o e Aplausos a Valdenice Faustino Peres, Cleber Rodrigues Fernandes, Jean Larry Martins Machado, Marcelo At\u00edlio Segantin e Tiago de Ara\u00fajo Pav\u00e3o, servidores p\u00fablicos federais, lotados na Ag\u00eancia Nacional de Transportes Terrestres (ANTT), em virtude de suas a\u00e7\u00f5es de apoiamento ao Munic\u00edpio no desenvolvimento de trabalhos de combate ao transporte clandestino de pessoas em condi\u00e7\u00f5es que poderiam causar perigo \u00e0 sa\u00fade p\u00fablica, principalmente por conta da pandemia da Covid-19, e que por conta das dificuldades inerentes \u00e0 dist\u00e2ncia e \u00e0 log\u00edstica, os trabalhos realizados pela equipe tornam-se ainda mais relevantes.<\/p>\n","protected":false},"excerpt":{"rendered":"<p>O vereador Nelsinho Dib est\u00e1 buscando junto \u00e0 Prefeitura de Corumb\u00e1, a realiza\u00e7\u00e3o de obras&#8230;<\/p>\n","protected":false},"author":63,"featured_media":0,"comment_status":"closed","ping_status":"closed","sticky":false,"template":"","format":"standard","meta":{"footnotes":""},"categories":[19],"tags":[],"class_list":["post-11720858","post","type-post","status-publish","format-standard","hentry","category-politica"],"_links":{"self":[{"href":"https:\/\/www.corumbaonline.com.br\/news\/wp-json\/wp\/v2\/posts\/11720858","targetHints":{"allow":["GET"]}}],"collection":[{"href":"https:\/\/www.corumbaonline.com.br\/news\/wp-json\/wp\/v2\/posts"}],"about":[{"href":"https:\/\/www.corumbaonline.com.br\/news\/wp-json\/wp\/v2\/types\/post"}],"author":[{"embeddable":true,"href":"https:\/\/www.corumbaonline.com.br\/news\/wp-json\/wp\/v2\/users\/63"}],"replies":[{"embeddable":true,"href":"https:\/\/www.corumbaonline.com.br\/news\/wp-json\/wp\/v2\/comments?post=11720858"}],"version-history":[{"count":2,"href":"https:\/\/www.corumbaonline.com.br\/news\/wp-json\/wp\/v2\/posts\/11720858\/revisions"}],"predecessor-version":[{"id":11720864,"href":"https:\/\/www.corumbaonline.com.br\/news\/wp-json\/wp\/v2\/posts\/11720858\/revisions\/11720864"}],"wp:attachment":[{"href":"https:\/\/www.corumbaonline.com.br\/news\/wp-json\/wp\/v2\/media?parent=11720858"}],"wp:term":[{"taxonomy":"category","embeddable":true,"href":"https:\/\/www.corumbaonline.com.br\/news\/wp-json\/wp\/v2\/categories?post=11720858"},{"taxonomy":"post_tag","embeddable":true,"href":"https:\/\/www.corumbaonline.com.br\/news\/wp-json\/wp\/v2\/tags?post=11720858"}],"curies":[{"name":"wp","href":"https:\/\/api.w.org\/{rel}","templated":true}]}}