{"id":11720909,"date":"2021-12-20T08:00:00","date_gmt":"2021-12-20T12:00:00","guid":{"rendered":"http:\/\/www.corumbaonline.com.br\/news\/?p=11720909"},"modified":"2021-12-20T08:37:59","modified_gmt":"2021-12-20T12:37:59","slug":"corumba-amanhece-com-muitas-nuvens-e-previsao-de-chuva","status":"publish","type":"post","link":"https:\/\/www.corumbaonline.com.br\/news\/corumba-amanhece-com-muitas-nuvens-e-previsao-de-chuva\/","title":{"rendered":"Corumb\u00e1 amanhece com muitas nuvens e previs\u00e3o de chuva"},"content":{"rendered":"<p data-uw-styling-context=\"true\"><span data-uw-styling-context=\"true\">O ver\u00e3o ter\u00e1 in\u00edcio \u00e0s 12h59 do dia 21 de dezembro de 2021 e se estende at\u00e9 \u00e0s 12h33 do dia 20 de mar\u00e7o de 2022. A esta\u00e7\u00e3o ser\u00e1 com La Ni\u00f1a, fen\u00f4meno clim\u00e1tico que reflete na circula\u00e7\u00e3o de ventos e na press\u00e3o do ar sobre o Brasil, influenciando no regime de chuvas e tamb\u00e9m na temperatura.<\/span><\/p>\n<p data-uw-styling-context=\"true\"><span data-uw-styling-context=\"true\">A esta\u00e7\u00e3o \u00e9 caracterizada pelas altas temperaturas e o aumento dos \u00edndices pluviom\u00e9tricos. \u201cNesta esta\u00e7\u00e3o, os dias s\u00e3o mais longos que as noites em virtude da maior incid\u00eancia solar em um dos hemisf\u00e9rios. Nessa \u00e9poca, podem ser observadas mudan\u00e7as repentinas do tempo, ocorrendo chuvas de r\u00e1pida dura\u00e7\u00e3o, conhecidas como chuvas de ver\u00e3o ou convectivas. Apesar de serem r\u00e1pidas, costumam ser intensas e acontecem, normalmente, no fim da tarde\u201d, explica a coordenadora do Centro de Monitoramento do Tempo e do Clima, Valesca Fernandes.<\/span><\/p>\n<p data-uw-styling-context=\"true\"><span data-uw-styling-context=\"true\">Segundo o Cemtec, a m\u00e9dia climatol\u00f3gica para o trimestre de Janeiro-Fevereiro-Mar\u00e7o (JFM) indica que as chuvas variam entre 300 a 700 mm em Mato Grosso do Sul. Em grande parte do estado, os acumulados de chuvas variam entre 400 a 500 mm. Exceto nas regi\u00f5es centro-norte e leste, onde os acumulados variam entre 500 a 700 mm, e em Lad\u00e1rio e Porto Murtinho que varia entre 300 a 400 mm. De acordo com os modelos analisados pelo Cemtec, as chuvas ficar\u00e3o abaixo, entre 40-60%, ou dentro da m\u00e9dia climatol\u00f3gica.\u00a0<\/span><\/p>\n<p data-uw-styling-context=\"true\"><span data-uw-styling-context=\"true\">Com rela\u00e7\u00e3o \u00e0s temperaturas, o progn\u00f3stico do meteorologista Nat\u00e1lio Abrah\u00e3o explica que climatologicamente as temperaturas em Mato Grosso do Sul apresentam m\u00e9dias de 25\u00b0C a 26\u00b0C na esta\u00e7\u00e3o. Sendo a\u00a0 m\u00e9dia das m\u00e1ximas em torno de 30\u00b0C a 32\u00b0C, e a m\u00e9dia das m\u00ednimas entre 22\u00b0C a 23\u00b0C. \u201cPara o ver\u00e3o 2022, s\u00e3o esperadas m\u00e9dias de dois graus acima para o m\u00eas de Janeiro, e dentro das m\u00e9dias para os meses de Fevereiro e Mar\u00e7o\u201d.\u00a0<\/span><\/p>\n<p data-uw-styling-context=\"true\"><span data-uw-styling-context=\"true\">A tend\u00eancia para o ver\u00e3o 20222 \u00e9 que as temperaturas m\u00e1ximas cheguem aos 36\u00b0C nas regi\u00f5es leste, norte e oeste. J\u00e1 as m\u00ednimas podem permanecer em torno dos 20\u00b0C a 23\u00b0C no Estado. No extremo sul, as regi\u00f5es sudeste, sul e sudoeste devem ter m\u00ednimas entre 19\u00b0C a 21\u00b0C e as m\u00e1ximas entre 31\u00b0C a 33\u00b0C. Para a Capital s\u00e3o esperadas m\u00ednimas entre 19\u00b0C a 22\u00b0C e m\u00e1ximas entre 29\u00b0C a 32\u00b0C.\u00a0<\/span><\/p>\n<p data-uw-styling-context=\"true\"><span data-uw-styling-context=\"true\">Outro ponto que o meteorologista destaca \u00e9 sobre os \u00edndices de umidade relativa do ar, pois com a aus\u00eancia de chuvas, a m\u00e9dia dos n\u00edveis de umidade ficam entre 25% a 35%. \u201cEste ano os epis\u00f3dios de umidade mais baixa podem ser frequentes, n\u00e3o se descartando m\u00ednimas de 30%\u201d, refor\u00e7a Nat\u00e1lio Abrah\u00e3o.\u00a0<\/span><\/p>\n<p data-uw-styling-context=\"true\"><strong data-uw-styling-context=\"true\">Tempo firme e calor em grande parte do Estado<\/strong><\/p>\n<p data-uw-styling-context=\"true\">Nesta segunda-feira, 20 de novembro, Corumb\u00e1 amanheceu com muitas nuvens e temperatura de 26\u00b0C. A umidade relativa do ar est\u00e1 em 94% e pode ter m\u00ednima de 59% no decorrer do per\u00edodo. O\u00a0 Climatempo prev\u00ea sol com umitas nuvens durante o dia, per\u00edodos de nublado com chuva a qualquer hora. A temperatura m\u00e1xima prevista para hoje \u00e9 de 32\u00baC.<\/p>\n<p data-uw-styling-context=\"true\"><span data-uw-styling-context=\"true\">A previs\u00e3o do Centro de Monitoramento do Tempo e do Clima para a semana \u00e9 de tempo firme em grande parte do Estado entre segunda (20) e quarta-feira (22) devido a atua\u00e7\u00e3o de uma circula\u00e7\u00e3o anticicl\u00f4nica que favorece os movimentos subsidentes e contribui para o tempo est\u00e1vel.\u00a0 Apenas as regi\u00f5es pantaneira e centro norte tem probabilidade de chuvas de moderada a forte, e tempestades que podem vir acompanhadas de raios e rajadas de vento, devido ao aquecimento diurno, a disponibilidade de umidade e a passagem de perturba\u00e7\u00f5es atmosf\u00e9ricas na m\u00e9dia troposfera.\u00a0<\/span><\/p>\n<p data-uw-styling-context=\"true\"><span data-uw-styling-context=\"true\">No restante da semana, a tend\u00eancia \u00e9 de retorno das instabilidades para o Estado. O Cemtec estima a probabilidade de chuvas de moderada a forte com tempestades isoladas com destaque para a parte norte das regi\u00f5es pantaneira e leste devido a passagem de cavados, transporte de umidade e aquecimento diurno.\u00a0<\/span><\/p>\n<p data-uw-styling-context=\"true\">\n","protected":false},"excerpt":{"rendered":"<p>O ver\u00e3o ter\u00e1 in\u00edcio \u00e0s 12h59 do dia 21 de dezembro de 2021 e se&#8230;<\/p>\n","protected":false},"author":6,"featured_media":0,"comment_status":"closed","ping_status":"closed","sticky":false,"template":"","format":"standard","meta":{"footnotes":""},"categories":[17],"tags":[],"class_list":["post-11720909","post","type-post","status-publish","format-standard","hentry","category-meio-ambiente"],"_links":{"self":[{"href":"https:\/\/www.corumbaonline.com.br\/news\/wp-json\/wp\/v2\/posts\/11720909","targetHints":{"allow":["GET"]}}],"collection":[{"href":"https:\/\/www.corumbaonline.com.br\/news\/wp-json\/wp\/v2\/posts"}],"about":[{"href":"https:\/\/www.corumbaonline.com.br\/news\/wp-json\/wp\/v2\/types\/post"}],"author":[{"embeddable":true,"href":"https:\/\/www.corumbaonline.com.br\/news\/wp-json\/wp\/v2\/users\/6"}],"replies":[{"embeddable":true,"href":"https:\/\/www.corumbaonline.com.br\/news\/wp-json\/wp\/v2\/comments?post=11720909"}],"version-history":[{"count":1,"href":"https:\/\/www.corumbaonline.com.br\/news\/wp-json\/wp\/v2\/posts\/11720909\/revisions"}],"predecessor-version":[{"id":11720910,"href":"https:\/\/www.corumbaonline.com.br\/news\/wp-json\/wp\/v2\/posts\/11720909\/revisions\/11720910"}],"wp:attachment":[{"href":"https:\/\/www.corumbaonline.com.br\/news\/wp-json\/wp\/v2\/media?parent=11720909"}],"wp:term":[{"taxonomy":"category","embeddable":true,"href":"https:\/\/www.corumbaonline.com.br\/news\/wp-json\/wp\/v2\/categories?post=11720909"},{"taxonomy":"post_tag","embeddable":true,"href":"https:\/\/www.corumbaonline.com.br\/news\/wp-json\/wp\/v2\/tags?post=11720909"}],"curies":[{"name":"wp","href":"https:\/\/api.w.org\/{rel}","templated":true}]}}