{"id":11720915,"date":"2021-12-20T08:32:00","date_gmt":"2021-12-20T12:32:00","guid":{"rendered":"http:\/\/www.corumbaonline.com.br\/news\/?p=11720915"},"modified":"2021-12-20T08:52:08","modified_gmt":"2021-12-20T12:52:08","slug":"ihp-lanca-primeira-etapa-do-memorial-do-homem-pantaneiro","status":"publish","type":"post","link":"https:\/\/www.corumbaonline.com.br\/news\/ihp-lanca-primeira-etapa-do-memorial-do-homem-pantaneiro\/","title":{"rendered":"IHP lan\u00e7a primeira etapa do Memorial do Homem Pantaneiro"},"content":{"rendered":"<p>O IHP (Instituto Homem Pantaneiro) lan\u00e7a, nesta segunda-feira (20), a 1\u00aa etapa do Memorial do Homem Pantaneiro, na Casa Vasquez e Filhos, em Corumb\u00e1. O Memorial do Homem Pantanal nasce para estimular a tomada de consci\u00eancia da exist\u00eancia e dos significados da cultura material e imaterial produzida pelo homem pantaneiro.<\/p>\n<p>De acordo com o presidente do IHP, coronel \u00a0\u00c2ngelo Rabelo, o espa\u00e7o nasce com a miss\u00e3o de estudar, divulgar e salvaguardar a mem\u00f3ria e a cultura da gente pantaneira. &#8220;Falamos muito sobre a preserva\u00e7\u00e3o e conserva\u00e7\u00e3o do Pantanal, mas tudo isso s\u00f3 \u00e9 poss\u00edvel gra\u00e7as aos pantaneiros. Eles s\u00e3o os primeiros guardi\u00f5es deste bioma t\u00e3o \u00fanico e importante para o mundo. S\u00e3o eles quem lutam silenciosamente pelo Pantanal e tamb\u00e9m sofrem as consequ\u00eancias dos desequil\u00edbrios provocados pela humanidade. E a cultura da mulher e do homem pantaneiro \u00e9 \u00fanica e deve ser preservada, estudada, pesquisada&#8221;, afirma.<\/p>\n<p>A inten\u00e7\u00e3o \u00e9 que o memorial seja o primeiro passo para aprofundar o conhecimento sobre a gente pantaneira desde as suas origens. &#8220;S\u00f3 assim, vamos conseguir divulgar uma imagem correta, atualizada e sem preconceitos dessa sociedade junto a variados p\u00fablicos&#8221;, lembra Rabelo.<\/p>\n<p>A reforma do Memorial est\u00e1 sendo poss\u00edvel gra\u00e7as \u00e0 Lei de Incentivo \u00e0 Cultura, por meio da Secretaria Especial da Cultura e Minist\u00e9rio da Cidadania.<\/p>\n<p><b>Casa Vasquez e Filhos<\/b><\/p>\n<p>O Memorial do Homem Pantaneiro fica na Casa Vasquez e Filhos, o pr\u00e9dio mais imponente de Corumb\u00e1. Constru\u00eddo em 1909 pelo arquiteto italiano Martino Santa Lucci, o espa\u00e7o foi restaurado em 2006 pelo Programa Monumenta. O casar\u00e3o \u00e9 tombado pelo Iphan (Instituto do Patrim\u00f4nio Hist\u00f3rico e Art\u00edstico Nacional) desde 1992.<\/p>\n","protected":false},"excerpt":{"rendered":"<p>O IHP (Instituto Homem Pantaneiro) lan\u00e7a, nesta segunda-feira (20), a 1\u00aa etapa do Memorial do&#8230;<\/p>\n","protected":false},"author":6,"featured_media":11720916,"comment_status":"closed","ping_status":"closed","sticky":false,"template":"","format":"standard","meta":{"footnotes":""},"categories":[7,8],"tags":[],"class_list":["post-11720915","post","type-post","status-publish","format-standard","has-post-thumbnail","hentry","category-cultura","category-destaque"],"_links":{"self":[{"href":"https:\/\/www.corumbaonline.com.br\/news\/wp-json\/wp\/v2\/posts\/11720915","targetHints":{"allow":["GET"]}}],"collection":[{"href":"https:\/\/www.corumbaonline.com.br\/news\/wp-json\/wp\/v2\/posts"}],"about":[{"href":"https:\/\/www.corumbaonline.com.br\/news\/wp-json\/wp\/v2\/types\/post"}],"author":[{"embeddable":true,"href":"https:\/\/www.corumbaonline.com.br\/news\/wp-json\/wp\/v2\/users\/6"}],"replies":[{"embeddable":true,"href":"https:\/\/www.corumbaonline.com.br\/news\/wp-json\/wp\/v2\/comments?post=11720915"}],"version-history":[{"count":1,"href":"https:\/\/www.corumbaonline.com.br\/news\/wp-json\/wp\/v2\/posts\/11720915\/revisions"}],"predecessor-version":[{"id":11720917,"href":"https:\/\/www.corumbaonline.com.br\/news\/wp-json\/wp\/v2\/posts\/11720915\/revisions\/11720917"}],"wp:featuredmedia":[{"embeddable":true,"href":"https:\/\/www.corumbaonline.com.br\/news\/wp-json\/wp\/v2\/media\/11720916"}],"wp:attachment":[{"href":"https:\/\/www.corumbaonline.com.br\/news\/wp-json\/wp\/v2\/media?parent=11720915"}],"wp:term":[{"taxonomy":"category","embeddable":true,"href":"https:\/\/www.corumbaonline.com.br\/news\/wp-json\/wp\/v2\/categories?post=11720915"},{"taxonomy":"post_tag","embeddable":true,"href":"https:\/\/www.corumbaonline.com.br\/news\/wp-json\/wp\/v2\/tags?post=11720915"}],"curies":[{"name":"wp","href":"https:\/\/api.w.org\/{rel}","templated":true}]}}