{"id":11720923,"date":"2021-12-20T08:54:00","date_gmt":"2021-12-20T12:54:00","guid":{"rendered":"http:\/\/www.corumbaonline.com.br\/news\/?p=11720923"},"modified":"2021-12-20T09:07:13","modified_gmt":"2021-12-20T13:07:13","slug":"anvisa-pede-para-investigar-novas-ameacas-sofridas-por-seus-diretores","status":"publish","type":"post","link":"https:\/\/www.corumbaonline.com.br\/news\/anvisa-pede-para-investigar-novas-ameacas-sofridas-por-seus-diretores\/","title":{"rendered":"Anvisa pede para investigar novas amea\u00e7as sofridas por seus diretores"},"content":{"rendered":"<p>A Ag\u00eancia Nacional de Vigil\u00e2ncia Sanit\u00e1ria (Anvisa) pediu \u00e0 Pol\u00edcia Federal (PF) e a outros \u00f3rg\u00e3os a apura\u00e7\u00e3o de amea\u00e7as contra diretores e servidores, al\u00e9m de refor\u00e7ar pedido de prote\u00e7\u00e3o policial.<img decoding=\"async\" src=\"https:\/\/agenciabrasil.ebc.com.br\/ebc.png?id=1432958&amp;o=node\" \/><img decoding=\"async\" src=\"https:\/\/agenciabrasil.ebc.com.br\/ebc.gif?id=1432958&amp;o=node\" \/><\/p>\n<p>\u201cA Anvisa informa que, em face das amea\u00e7as de viol\u00eancia recebidas e intensificadas de forma crescente nas \u00faltimas 24 horas, foram expedidos neste domingo (19) of\u00edcios reiterando os pedidos de prote\u00e7\u00e3o policial aos membros da Ag\u00eancia. Tais solicita\u00e7\u00f5es j\u00e1 haviam sido feitas no \u00faltimo m\u00eas de novembro quando a ag\u00eancia recebeu as primeiras amea\u00e7as\u201d, diz o \u00f3rg\u00e3o, em nota.<\/p>\n<p>As amea\u00e7as surgiram ap\u00f3s decis\u00e3o da\u00a0<a href=\"https:\/\/agenciabrasil.ebc.com.br\/saude\/noticia\/2021-12\/anvisa-autoriza-vacina-da-pfizer-contra-covid-19-em-criancas\" target=\"_blank\" rel=\"noopener\">Anvisa de autorizar a aplica\u00e7\u00e3o da vacina da Pfizer\u00a0<\/a>contra covid-19 em crian\u00e7as de 5 a 11 anos, na \u00faltima quinta-feira (16). \u201cO crescimento das amea\u00e7as faz com que novas investiga\u00e7\u00f5es sejam necess\u00e1rias para identificar os autores e apurar responsabilidades\u201d, diz a Anvisa.<\/p>\n<p>O of\u00edcio de hoje da Anvisa foi encaminhado para o ministro-chefe do Gabinete de Seguran\u00e7a Institucional, Augusto Heleno; o ministro da Justi\u00e7a e Seguran\u00e7a P\u00fablica, Anderson Torres; o procurador-geral da Rep\u00fablica, Augusto Aras; o diretor-geral da PF, Paulo Maiurino, e o superintendente regional da Pol\u00edcia Federal no Distrito Federal, Victor Cesar Carvalho dos Santos.<\/p>\n<p>\u201cMesmo diante de eventual e futuro acolhimento dos pleitos, a ag\u00eancia manifesta grande preocupa\u00e7\u00e3o em rela\u00e7\u00e3o \u00e0 seguran\u00e7a do seu corpo funcional, tendo em vista o grande n\u00famero de servidores da Anvisa espalhados por todo o Brasil. N\u00e3o \u00e9 poss\u00edvel afastar neste momento que tais servidores sejam alvo de a\u00e7\u00f5es covardes e criminosas\u201d, acrescenta a nota.<\/p>\n<p>A Anvisa informou ainda que n\u00e3o publicar\u00e1 os anexos que materializam as amea\u00e7as recebidas para n\u00e3o expor os dados pessoais dos envolvidos, no entanto, disse que todas as informa\u00e7\u00f5es foram encaminhadas \u00e0s autoridades respons\u00e1veis.<\/p>\n<p>Na \u00faltima sexta-feira, a diretoria da Anvisa divulgou nota rebatendo questionamentos do presidente Jair Bolsonaro acerca da decis\u00e3o de autorizar a vacina\u00e7\u00e3o em crian\u00e7as com o imunizante da Pfizer-BioNTech.<\/p>\n<p>Em live em redes sociais, na quinta-feira, Jair Bolsonaro disse que pediu extraoficialmente o \u201cnome das pessoas que aprovaram a vacina para crian\u00e7as a partir de 5 anos&#8221;. &#8220;Queremos divulgar o nome dessas pessoas para que todo mundo tome conhecimento de quem foram essas pessoas e forme seu ju\u00edzo.\u201d<\/p>\n","protected":false},"excerpt":{"rendered":"<p>A Ag\u00eancia Nacional de Vigil\u00e2ncia Sanit\u00e1ria (Anvisa) pediu \u00e0 Pol\u00edcia Federal (PF) e a outros&#8230;<\/p>\n","protected":false},"author":4,"featured_media":0,"comment_status":"closed","ping_status":"closed","sticky":false,"template":"","format":"standard","meta":{"footnotes":""},"categories":[19,21],"tags":[],"class_list":["post-11720923","post","type-post","status-publish","format-standard","hentry","category-politica","category-saude"],"_links":{"self":[{"href":"https:\/\/www.corumbaonline.com.br\/news\/wp-json\/wp\/v2\/posts\/11720923","targetHints":{"allow":["GET"]}}],"collection":[{"href":"https:\/\/www.corumbaonline.com.br\/news\/wp-json\/wp\/v2\/posts"}],"about":[{"href":"https:\/\/www.corumbaonline.com.br\/news\/wp-json\/wp\/v2\/types\/post"}],"author":[{"embeddable":true,"href":"https:\/\/www.corumbaonline.com.br\/news\/wp-json\/wp\/v2\/users\/4"}],"replies":[{"embeddable":true,"href":"https:\/\/www.corumbaonline.com.br\/news\/wp-json\/wp\/v2\/comments?post=11720923"}],"version-history":[{"count":1,"href":"https:\/\/www.corumbaonline.com.br\/news\/wp-json\/wp\/v2\/posts\/11720923\/revisions"}],"predecessor-version":[{"id":11720924,"href":"https:\/\/www.corumbaonline.com.br\/news\/wp-json\/wp\/v2\/posts\/11720923\/revisions\/11720924"}],"wp:attachment":[{"href":"https:\/\/www.corumbaonline.com.br\/news\/wp-json\/wp\/v2\/media?parent=11720923"}],"wp:term":[{"taxonomy":"category","embeddable":true,"href":"https:\/\/www.corumbaonline.com.br\/news\/wp-json\/wp\/v2\/categories?post=11720923"},{"taxonomy":"post_tag","embeddable":true,"href":"https:\/\/www.corumbaonline.com.br\/news\/wp-json\/wp\/v2\/tags?post=11720923"}],"curies":[{"name":"wp","href":"https:\/\/api.w.org\/{rel}","templated":true}]}}