{"id":11720925,"date":"2021-12-20T09:13:00","date_gmt":"2021-12-20T13:13:00","guid":{"rendered":"http:\/\/www.corumbaonline.com.br\/news\/?p=11720925"},"modified":"2021-12-20T09:15:57","modified_gmt":"2021-12-20T13:15:57","slug":"corumba-faz-cadastro-para-vacinacao-de-criancas-de-5-a-11-anos","status":"publish","type":"post","link":"https:\/\/www.corumbaonline.com.br\/news\/corumba-faz-cadastro-para-vacinacao-de-criancas-de-5-a-11-anos\/","title":{"rendered":"Corumb\u00e1 faz cadastro para vacina\u00e7\u00e3o de crian\u00e7as de 5 a 11 anos"},"content":{"rendered":"<p>Crian\u00e7as de 5 a 11 anos j\u00e1 podem ser cadastradas no sistema de identifica\u00e7\u00e3o pr\u00e9via para a vacina\u00e7\u00e3o contra Covid-19. O cadastro foi aberto na \u00faltima quinta-feira (16), ap\u00f3s aprova\u00e7\u00e3o pela Ag\u00eancia Nacional de Vigil\u00e2ncia Sanit\u00e1ria (Anvisa) do uso da vacina produzida pela Pfizer-BioNTech, a Comirnaty.<\/p>\n<p>O Chefe do Executivo Municipal, Marcelo Iunes conta \u201caguardamos ansiosamente o posicionamento do Minist\u00e9rio da Sa\u00fade a respeito da disponibiliza\u00e7\u00e3o e eventuais orienta\u00e7\u00f5es quanto a aplica\u00e7\u00e3o para iniciar a vacina\u00e7\u00e3o em crian\u00e7as. O cadastro proporcionar\u00e1 mais celeridade no processo de vacina\u00e7\u00e3o, al\u00e9m de auxiliar na tomada de decis\u00f5es\u201d.<\/p>\n<p>Ainda n\u00e3o h\u00e1 uma data definida para o in\u00edcio da vacina\u00e7\u00e3o neste p\u00fablico. \u201cO cadastro est\u00e1 aberto para que possamos fazer um levantamento das doses necess\u00e1rias. N\u00e3o sabemos exatamente quando come\u00e7ar\u00e1 a imuniza\u00e7\u00e3o deste p\u00fablico, mas esperamos que seja o mais breve poss\u00edvel. A dose da vacina para crian\u00e7as ser\u00e1 diferente da utilizada para pessoas a partir de 12 anos e os frascos ter\u00e3o cores distintas para evitar erros na aplica\u00e7\u00e3o\u201d, explica o Secret\u00e1rio de Sa\u00fade, Rog\u00e9rio Leite.<\/p>\n<p>Para se cadastrar \u00e9 necess\u00e1rio acessar o site:\u00a0<a role=\"link\" href=\"http:\/\/sisms.corumba.ms.gov.br\/coronavirus\/\">http:\/\/sisms.corumba.ms.gov.br\/coronavirus\/<\/a><\/p>\n","protected":false},"excerpt":{"rendered":"<p>Crian\u00e7as de 5 a 11 anos j\u00e1 podem ser cadastradas no sistema de identifica\u00e7\u00e3o pr\u00e9via&#8230;<\/p>\n","protected":false},"author":70,"featured_media":0,"comment_status":"closed","ping_status":"closed","sticky":false,"template":"","format":"standard","meta":{"footnotes":""},"categories":[21],"tags":[],"class_list":["post-11720925","post","type-post","status-publish","format-standard","hentry","category-saude"],"_links":{"self":[{"href":"https:\/\/www.corumbaonline.com.br\/news\/wp-json\/wp\/v2\/posts\/11720925","targetHints":{"allow":["GET"]}}],"collection":[{"href":"https:\/\/www.corumbaonline.com.br\/news\/wp-json\/wp\/v2\/posts"}],"about":[{"href":"https:\/\/www.corumbaonline.com.br\/news\/wp-json\/wp\/v2\/types\/post"}],"author":[{"embeddable":true,"href":"https:\/\/www.corumbaonline.com.br\/news\/wp-json\/wp\/v2\/users\/70"}],"replies":[{"embeddable":true,"href":"https:\/\/www.corumbaonline.com.br\/news\/wp-json\/wp\/v2\/comments?post=11720925"}],"version-history":[{"count":1,"href":"https:\/\/www.corumbaonline.com.br\/news\/wp-json\/wp\/v2\/posts\/11720925\/revisions"}],"predecessor-version":[{"id":11720926,"href":"https:\/\/www.corumbaonline.com.br\/news\/wp-json\/wp\/v2\/posts\/11720925\/revisions\/11720926"}],"wp:attachment":[{"href":"https:\/\/www.corumbaonline.com.br\/news\/wp-json\/wp\/v2\/media?parent=11720925"}],"wp:term":[{"taxonomy":"category","embeddable":true,"href":"https:\/\/www.corumbaonline.com.br\/news\/wp-json\/wp\/v2\/categories?post=11720925"},{"taxonomy":"post_tag","embeddable":true,"href":"https:\/\/www.corumbaonline.com.br\/news\/wp-json\/wp\/v2\/tags?post=11720925"}],"curies":[{"name":"wp","href":"https:\/\/api.w.org\/{rel}","templated":true}]}}