{"id":11720931,"date":"2021-12-20T09:59:00","date_gmt":"2021-12-20T13:59:00","guid":{"rendered":"http:\/\/www.corumbaonline.com.br\/news\/?p=11720931"},"modified":"2021-12-20T09:56:05","modified_gmt":"2021-12-20T13:56:05","slug":"camara-municipal-homenageia-29-personalidades-com-o-titulo-de-cidadao-corumbaense","status":"publish","type":"post","link":"https:\/\/www.corumbaonline.com.br\/news\/camara-municipal-homenageia-29-personalidades-com-o-titulo-de-cidadao-corumbaense\/","title":{"rendered":"C\u00e2mara Municipal homenageia 29 personalidades com o T\u00edtulo de Cidad\u00e3o Corumbaense"},"content":{"rendered":"<p>A C\u00e2mara Municipal de Vereadores de Corumb\u00e1 realizou na \u00faltima sexta-feira (17), uma Sess\u00e3o Solene no sal\u00e3o de eventos do Hotel Nacional, oportunidade em que homenageou 29 personalidades com a outorga do T\u00edtulo de Cidad\u00e3o Corumbaense, em reconhecimento aos relevantes servi\u00e7os prestados \u00e0 maior cidade pantaneira, contribuindo para o desenvolvimento da cidade.<\/p>\n<p>A Sess\u00e3o Solene foi dirigida pelo presidente do Poder Legislativo Corumbaense, vereador Roberto Fa\u00e7anha. Contou com as presen\u00e7as de diversas autoridades, como o prefeito Marcelo Iunes; General-de-Brigada Jose Luiz Ara\u00fajo dos Santos; ju\u00edza Luiza Vieira S\u00e1 de Figueiredo, diretora do F\u00f3rum de Corumb\u00e1; Dom Jo\u00e3o Aparecido Bergamasco, Arcebispo de Corumb\u00e1; deputada federal Bia Cavassa, e deputado estadual Evander Vendramini, que integram a mesa de trabalhos.<\/p>\n<p>Presentes ao ato os vereadores Manoel Rodrigues, Elinho Junior, Samyr Qualhada, Ga\u00facho da Pr\u00f3-Art, Genilson Jos\u00e9, Allex Dellas, Chic\u00e3o Vianna, Daniel Brambilla, Raquel Bryk, Ubiratan Canhete de Campos Filho (Bira), Nelsinho Dib, Alexandre Vasconcelos e Luciano Costa.<\/p>\n<p>HOMENAGEADOS<\/p>\n<p>As personalidades agraciadas com o t\u00edtulo foram indicadas pelos pr\u00f3prios vereadores corumbaenses e aprovados por unanimidade durante sess\u00e3o do Legislativo.<\/p>\n<p>Cinco mulheres foram agraciadas com a comenda: ministra Tereza Cristina Correa da Costa Dias, da Agricultura, Pecu\u00e1ria e Abastecimento; ju\u00edza do Trabalho Anna Paula da Silva Santos; as empres\u00e1rias Maria de F\u00e1tima de Arruda Pozza e Daruichi Castro Ibrahim Mohammed; e Elis\u00e2ngela Siena da Costa Oliva, diretora-presidente da Funda\u00e7\u00e3o de Turismo do Pantanal.<\/p>\n<p>Tamb\u00e9m foram agraciados com o T\u00edtulo de Cidad\u00e3o Corumbaense o senador da Rep\u00fablica Nelson Trad Filho; o secret\u00e1rio estadual de Sa\u00fade, Geraldo Resende Pereira; o secret\u00e1rio estadual de Infraestrutura, Eduardo Corr\u00eaa Riedel; os vereadores Genilson Jos\u00e9 da Silva, Elinho Junior e Samyr Sadeq Ramunieh (Qualhada).<\/p>\n<p>O comandante do 6\u00ba Distrito Naval da Marinha do Brasil, Vice-Almirante Paulo C\u00e9sar Bittencourt Ferreira, tamb\u00e9m se tornou Cidad\u00e3o Corumbaense, juntamente com o Contra-Almirante Sergio Gago Guido, que comandou o Distrito Naval at\u00e9 abril de 2021.<\/p>\n<p>Al\u00e9m deles, se tornaram cidad\u00e3os corumbaenses o General-de-Brigada Jos\u00e9 Luiz Ara\u00fajo dos Santos, comandante da 18\u00aa Brigada de Infantaria e Fronteira; Tenente-Coronel PM \u00c9lcio Almeida, comandante do 6\u00ba Batalh\u00e3o de Pol\u00edcia Militar; Tenente-Coronel Luciano Lopes de Alencar, comandante do 3\u00ba Grupamento do Corpo de Bombeiros Militar; Coronel Andr\u00e9 Luiz Zanola, Assessor de Gest\u00e3o da 18\u00aa Brigada de Infantaria; Dom Jo\u00e3o Aparecido Bergamasco, Arcebispo de Corumb\u00e1.<\/p>\n<p>Outros agraciados foram os empres\u00e1rios Roberto Jos\u00e9 Fa\u00e9, Diogo Cunha de Oliveira, Jean Carlos Lopes da Silva, Cl\u00e1udio Ney Assis Figueiredo, Edmilson Esquivel Rodrigues, Jos\u00e9 Rodrigo Arteaga de Acha, Juarez de Miranda Fran\u00e7a Junior, Osnar de Queiroz Gomes, e Abdallah Sadeq Ahmad Ramuieh, al\u00e9m do assessor especial Juvenal de Assun\u00e7\u00e3o Neto, e do militar da reserva da Marinha do Brasil, Ram\u00e3o Salvador Rodrigues.<\/p>\n<p>Dos 29 homenageados, nove, devido a agendas assumidas anteriormente, n\u00e3o puderam comparecer ao evento e receber\u00e3o os t\u00edtulos em outra oportunidade: senador Nelsinho Trad, ministra Tereza Cristina, secret\u00e1rios estaduais Eduardo Riedel e Geraldo Rezende, ju\u00edza do Trabalho Anna Paula da Silva Santos, vice-almirante Paulo C\u00e9sar Bittencourt Ferreira, contra-almirante S\u00e9rgio Gago Guido, Roberto Jos\u00e9 Fa\u00e9 e Juvenal de Assun\u00e7\u00e3o Neto.<\/p>\n","protected":false},"excerpt":{"rendered":"<p>A C\u00e2mara Municipal de Vereadores de Corumb\u00e1 realizou na \u00faltima sexta-feira (17), uma Sess\u00e3o Solene&#8230;<\/p>\n","protected":false},"author":21,"featured_media":11720932,"comment_status":"closed","ping_status":"closed","sticky":false,"template":"","format":"standard","meta":{"footnotes":""},"categories":[19],"tags":[],"class_list":["post-11720931","post","type-post","status-publish","format-standard","has-post-thumbnail","hentry","category-politica"],"_links":{"self":[{"href":"https:\/\/www.corumbaonline.com.br\/news\/wp-json\/wp\/v2\/posts\/11720931","targetHints":{"allow":["GET"]}}],"collection":[{"href":"https:\/\/www.corumbaonline.com.br\/news\/wp-json\/wp\/v2\/posts"}],"about":[{"href":"https:\/\/www.corumbaonline.com.br\/news\/wp-json\/wp\/v2\/types\/post"}],"author":[{"embeddable":true,"href":"https:\/\/www.corumbaonline.com.br\/news\/wp-json\/wp\/v2\/users\/21"}],"replies":[{"embeddable":true,"href":"https:\/\/www.corumbaonline.com.br\/news\/wp-json\/wp\/v2\/comments?post=11720931"}],"version-history":[{"count":1,"href":"https:\/\/www.corumbaonline.com.br\/news\/wp-json\/wp\/v2\/posts\/11720931\/revisions"}],"predecessor-version":[{"id":11720933,"href":"https:\/\/www.corumbaonline.com.br\/news\/wp-json\/wp\/v2\/posts\/11720931\/revisions\/11720933"}],"wp:featuredmedia":[{"embeddable":true,"href":"https:\/\/www.corumbaonline.com.br\/news\/wp-json\/wp\/v2\/media\/11720932"}],"wp:attachment":[{"href":"https:\/\/www.corumbaonline.com.br\/news\/wp-json\/wp\/v2\/media?parent=11720931"}],"wp:term":[{"taxonomy":"category","embeddable":true,"href":"https:\/\/www.corumbaonline.com.br\/news\/wp-json\/wp\/v2\/categories?post=11720931"},{"taxonomy":"post_tag","embeddable":true,"href":"https:\/\/www.corumbaonline.com.br\/news\/wp-json\/wp\/v2\/tags?post=11720931"}],"curies":[{"name":"wp","href":"https:\/\/api.w.org\/{rel}","templated":true}]}}