{"id":11720946,"date":"2021-12-21T08:00:00","date_gmt":"2021-12-21T12:00:00","guid":{"rendered":"http:\/\/www.corumbaonline.com.br\/news\/?p=11720946"},"modified":"2021-12-21T08:32:12","modified_gmt":"2021-12-21T12:32:12","slug":"corumba-amanhece-com-nuvens-e-previsao-de-chuva","status":"publish","type":"post","link":"https:\/\/www.corumbaonline.com.br\/news\/corumba-amanhece-com-nuvens-e-previsao-de-chuva\/","title":{"rendered":"Corumb\u00e1 amanhece com nuvens e previs\u00e3o de chuva"},"content":{"rendered":"<p data-uw-styling-context=\"true\"><span data-uw-styling-context=\"true\">O ver\u00e3o come\u00e7a oficialmente \u00e0s 12h59 desta ter\u00e7a-feira, 21 de dezembro. As condi\u00e7\u00f5es esperadas para o primeiro dia da esta\u00e7\u00e3o em Mato Grosso do Sul s\u00e3o de sol entre poucas nuvens em grande parte do Estado.\u00a0<\/span><\/p>\n<p data-uw-styling-context=\"true\"><span data-uw-styling-context=\"true\">Apenas as regi\u00f5es pantaneira e centro norte tem chance de chuvas que podem ocorrer de moderada a forte intensidade, e com\u00a0 tempestades que podem vir acompanhadas de raios e rajadas de vento.\u00a0<\/span><\/p>\n<p data-uw-styling-context=\"true\"><span data-uw-styling-context=\"true\">O Centro de Monitoramento do Tempo e do Clima explica que as instabilidades nessas \u00e1reas ocorrem devido ao aquecimento diurno, a disponibilidade de umidade e a passagem de perturba\u00e7\u00f5es atmosf\u00e9ricas na m\u00e9dia troposfera.\u00a0<\/span><\/p>\n<p data-uw-styling-context=\"true\"><span data-uw-styling-context=\"true\">O dia promete temperaturas que podem registrar m\u00ednima de 16\u00b0C na parte central do Estado e m\u00e1ximas de at\u00e9 38\u00b0C na regi\u00e3o sudoeste.\u00a0<\/span><\/p>\n<p data-uw-styling-context=\"true\">Corumb\u00e1 amanheceu com algumas nuvens e temperatura de 26\u00b0C. A umidade relativa do ar est\u00e1 em 89% e pode registrar m\u00ednima de 44% no decorrer do per\u00edodo. O Climatempo prev\u00ea sol com muitas nuvens durante o dia. Per\u00edodos de nublado, com chuva a qualquer hora. A temperatura m\u00e1xima prevista para hoje \u00e9 de 33\u00baC.<\/p>\n","protected":false},"excerpt":{"rendered":"<p>O ver\u00e3o come\u00e7a oficialmente \u00e0s 12h59 desta ter\u00e7a-feira, 21 de dezembro. As condi\u00e7\u00f5es esperadas para&#8230;<\/p>\n","protected":false},"author":6,"featured_media":0,"comment_status":"closed","ping_status":"closed","sticky":false,"template":"","format":"standard","meta":{"footnotes":""},"categories":[17],"tags":[],"class_list":["post-11720946","post","type-post","status-publish","format-standard","hentry","category-meio-ambiente"],"_links":{"self":[{"href":"https:\/\/www.corumbaonline.com.br\/news\/wp-json\/wp\/v2\/posts\/11720946","targetHints":{"allow":["GET"]}}],"collection":[{"href":"https:\/\/www.corumbaonline.com.br\/news\/wp-json\/wp\/v2\/posts"}],"about":[{"href":"https:\/\/www.corumbaonline.com.br\/news\/wp-json\/wp\/v2\/types\/post"}],"author":[{"embeddable":true,"href":"https:\/\/www.corumbaonline.com.br\/news\/wp-json\/wp\/v2\/users\/6"}],"replies":[{"embeddable":true,"href":"https:\/\/www.corumbaonline.com.br\/news\/wp-json\/wp\/v2\/comments?post=11720946"}],"version-history":[{"count":1,"href":"https:\/\/www.corumbaonline.com.br\/news\/wp-json\/wp\/v2\/posts\/11720946\/revisions"}],"predecessor-version":[{"id":11720947,"href":"https:\/\/www.corumbaonline.com.br\/news\/wp-json\/wp\/v2\/posts\/11720946\/revisions\/11720947"}],"wp:attachment":[{"href":"https:\/\/www.corumbaonline.com.br\/news\/wp-json\/wp\/v2\/media?parent=11720946"}],"wp:term":[{"taxonomy":"category","embeddable":true,"href":"https:\/\/www.corumbaonline.com.br\/news\/wp-json\/wp\/v2\/categories?post=11720946"},{"taxonomy":"post_tag","embeddable":true,"href":"https:\/\/www.corumbaonline.com.br\/news\/wp-json\/wp\/v2\/tags?post=11720946"}],"curies":[{"name":"wp","href":"https:\/\/api.w.org\/{rel}","templated":true}]}}