{"id":11720950,"date":"2021-12-21T08:19:00","date_gmt":"2021-12-21T12:19:00","guid":{"rendered":"http:\/\/www.corumbaonline.com.br\/news\/?p=11720950"},"modified":"2021-12-21T08:39:18","modified_gmt":"2021-12-21T12:39:18","slug":"municipios-estao-autorizados-a-aplicar-4a-dose-de-vacina-em-pessoas-com-alto-grau-de-imunossupressao","status":"publish","type":"post","link":"https:\/\/www.corumbaonline.com.br\/news\/municipios-estao-autorizados-a-aplicar-4a-dose-de-vacina-em-pessoas-com-alto-grau-de-imunossupressao\/","title":{"rendered":"Munic\u00edpios est\u00e3o autorizados a aplicar 4\u00aa dose de vacina em pessoas com alto grau de imunossupress\u00e3o"},"content":{"rendered":"<p data-uw-styling-context=\"true\">A SES (Secretaria de Estado de Sa\u00fade) encaminhou a nota t\u00e9cnica do Minist\u00e9rio da Sa\u00fade aos 79 munic\u00edpios em que autoriza a vacina\u00e7\u00e3o em pessoas acima de 18 anos com alto grau de imunossupress\u00e3o, a tomar a quarta dose da Pfizer. A decis\u00e3o foi publicada na tarde desta segunda-feira (20), pelo Minist\u00e9rio da Sa\u00fade, e os munic\u00edpios est\u00e3o autorizados a iniciar a aplica\u00e7\u00e3o a partir desta ter\u00e7a-feira (21).<\/p>\n<p data-uw-styling-context=\"true\">Segundo o secret\u00e1rio de Estado de Sa\u00fade, Geraldo Resende, a nota t\u00e9cnica do Minist\u00e9rio da Sa\u00fade recomenda uma dose de refor\u00e7o da vacina Covid-19 para este p\u00fablico. \u201cA recomenda\u00e7\u00e3o \u00e9 que seja aplicada a todos os indiv\u00edduos imunocomprometidos, acima de 18 anos de idade, que receberam tr\u00eas doses no esquema prim\u00e1rio (duas doses e uma dose adicional), que dever\u00e1 ser administrada a partir de 4 meses\u201d.<\/p>\n<p data-uw-styling-context=\"true\">Resende ainda esclarece que o Estado foi pioneiro a liberar a vacina\u00e7\u00e3o deste p\u00fablico no pa\u00eds. \u201cN\u00f3s iniciamos a aplica\u00e7\u00e3o da dose de refor\u00e7o no final de agosto, ent\u00e3o, como n\u00f3s j\u00e1 adotamos o aprazamento de quatro meses, este p\u00fablico j\u00e1 estava com o prazo de vacina\u00e7\u00e3o pr\u00f3ximo de vencer, encerrando no final deste m\u00eas. Ent\u00e3o, n\u00f3s j\u00e1 encaminhamos essa nota t\u00e9cnica para os munic\u00edpios para que eles possam se planejar e iniciar a vacina\u00e7\u00e3o com a 4\u00aa dose de vacina esse p\u00fablico\u201d.<\/p>\n<p data-uw-styling-context=\"true\">No Estado 11.439 pessoas tomaram a primeira dose, os que retornaram para a segunda dose foram 10.385 pessoas e apenas 1.846 tomaram a dose de refor\u00e7o em Mato Grosso do Sul.<\/p>\n<p data-uw-styling-context=\"true\">A SES refor\u00e7a que h\u00e1 doses da Pfizer, suficientes para este p\u00fablico, por ser um grupo pequeno no Estado. \u201cN\u00f3s temos vacinas em estoque que podem ser retiradas na CEVE pelos munic\u00edpios de acordo com a demanda necess\u00e1ria para a vacina\u00e7\u00e3o. Por outro lado, vale lembrar que os munic\u00edpios tamb\u00e9m disp\u00f5em de imunizantes em seus estoques\u201d, esclarece a diretora de Vigil\u00e2ncia em Sa\u00fade, Larissa Castilho.<\/p>\n","protected":false},"excerpt":{"rendered":"<p>A SES (Secretaria de Estado de Sa\u00fade) encaminhou a nota t\u00e9cnica do Minist\u00e9rio da Sa\u00fade&#8230;<\/p>\n","protected":false},"author":13,"featured_media":11720951,"comment_status":"closed","ping_status":"closed","sticky":false,"template":"","format":"standard","meta":{"footnotes":""},"categories":[8,21],"tags":[],"class_list":["post-11720950","post","type-post","status-publish","format-standard","has-post-thumbnail","hentry","category-destaque","category-saude"],"_links":{"self":[{"href":"https:\/\/www.corumbaonline.com.br\/news\/wp-json\/wp\/v2\/posts\/11720950","targetHints":{"allow":["GET"]}}],"collection":[{"href":"https:\/\/www.corumbaonline.com.br\/news\/wp-json\/wp\/v2\/posts"}],"about":[{"href":"https:\/\/www.corumbaonline.com.br\/news\/wp-json\/wp\/v2\/types\/post"}],"author":[{"embeddable":true,"href":"https:\/\/www.corumbaonline.com.br\/news\/wp-json\/wp\/v2\/users\/13"}],"replies":[{"embeddable":true,"href":"https:\/\/www.corumbaonline.com.br\/news\/wp-json\/wp\/v2\/comments?post=11720950"}],"version-history":[{"count":1,"href":"https:\/\/www.corumbaonline.com.br\/news\/wp-json\/wp\/v2\/posts\/11720950\/revisions"}],"predecessor-version":[{"id":11720952,"href":"https:\/\/www.corumbaonline.com.br\/news\/wp-json\/wp\/v2\/posts\/11720950\/revisions\/11720952"}],"wp:featuredmedia":[{"embeddable":true,"href":"https:\/\/www.corumbaonline.com.br\/news\/wp-json\/wp\/v2\/media\/11720951"}],"wp:attachment":[{"href":"https:\/\/www.corumbaonline.com.br\/news\/wp-json\/wp\/v2\/media?parent=11720950"}],"wp:term":[{"taxonomy":"category","embeddable":true,"href":"https:\/\/www.corumbaonline.com.br\/news\/wp-json\/wp\/v2\/categories?post=11720950"},{"taxonomy":"post_tag","embeddable":true,"href":"https:\/\/www.corumbaonline.com.br\/news\/wp-json\/wp\/v2\/tags?post=11720950"}],"curies":[{"name":"wp","href":"https:\/\/api.w.org\/{rel}","templated":true}]}}