{"id":11720961,"date":"2021-12-23T08:16:00","date_gmt":"2021-12-23T12:16:00","guid":{"rendered":"http:\/\/www.corumbaonline.com.br\/news\/?p=11720961"},"modified":"2021-12-23T09:36:53","modified_gmt":"2021-12-23T13:36:53","slug":"inscricoes-para-mestrado-profissional-ofertado-pelo-ifms-seguem-ate-janeiro","status":"publish","type":"post","link":"https:\/\/www.corumbaonline.com.br\/news\/inscricoes-para-mestrado-profissional-ofertado-pelo-ifms-seguem-ate-janeiro\/","title":{"rendered":"Inscri\u00e7\u00f5es para Mestrado Profissional ofertado pelo IFMS seguem at\u00e9 janeiro"},"content":{"rendered":"<p>Seguem abertas at\u00e9 o dia 10 de janeiro as inscri\u00e7\u00f5es no processo seletivo para ingresso no Mestrado Profissional do Programa de P\u00f3s-Gradua\u00e7\u00e3o em Educa\u00e7\u00e3o Profissional e Tecnol\u00f3gica (ProfEPT),\u00a0com ingresso em\u00a02022. O curso \u00e9 ofertado pelo Campus Campo Grande do Instituto Federal de Mato Grosso do Sul (IFMS).<\/p>\n<p>S\u00e3o ofertadas 24 vagas, sendo 12 vagas reservadas a servidores da Rede Federal de Educa\u00e7\u00e3o Profissional, Cient\u00edfica e Tecnol\u00f3gica e as outras 12 para o p\u00fablico externo. Dentro de cada p\u00fablico da sele\u00e7\u00e3o, h\u00e1 vagas para pessoas com defici\u00eancia (1) e para autodeclarados pretos, pardos e ind\u00edgenas (2).<\/p>\n<p>Podem se inscrever portadores de diploma de curso superior ou que tenham declara\u00e7\u00e3o de conclus\u00e3o de curso superior. As inscri\u00e7\u00f5es devem ser feitas pelo\u00a0<a title=\"sistema dispon\u00edvel na p\u00e1gina do ProfEPT\" href=\"http:\/\/www.ifms.edu.br:9000\/lists\/lt.php?tid=KxkBAwEBWgFWA0tbUlJVTlBWV1tOWA4JABsBVlECBFAHAFMFVwgfBQJYVwJRBQZOUlYCU04NCQ4FGwFeUAtPBAIHUAsACgAGUwVfH1ICAwYCUlcDTghaXAYbDFZQBk8JVlZUH1AKVgBWAgNWVAIABw\" target=\"_blank\" rel=\"noopener noreferrer\">sistema dispon\u00edvel na\u00a0p\u00e1gina do ProfEPT<\/a>. A taxa \u00e9 de R$ 95.<\/p>\n<p>A sele\u00e7\u00e3o ser\u00e1 feita por meio da an\u00e1lise dos hist\u00f3ricos profissional e acad\u00eamico, possibilitando que os candidatos apresentem aspectos referentes ao desempenho de suas fun\u00e7\u00f5es profissionais e produ\u00e7\u00f5es acad\u00eamicas.<\/p>\n<p>Os itens a serem considerados na pontua\u00e7\u00e3o est\u00e3o no\u00a0<a title=\"edital de abertura da sele\u00e7\u00e3o\" href=\"http:\/\/www.ifms.edu.br:9000\/lists\/lt.php?tid=KxkNClQPBgFSBEtWAwBXTlBWA1NOAA8JVRtdUgsCBAUAUQwBUF4fBQJYVwJRBQZOUlYCU04NCQ4FGwFeUAtPBAIHUAsACgAGUwVfH1ICAwYCUlcDTghaXAYbDFZQBk8JVlZUH1AKVgBWAgNWVAIABw\" target=\"_blank\" rel=\"noopener noreferrer\">edital de abertura da sele\u00e7\u00e3o<\/a>, onde tamb\u00e9m \u00e9 poss\u00edvel consultar os procedimentos para envio dos documentos comprobat\u00f3rios de acordo com as fases do processo seletivo.<\/p>\n<p>A previs\u00e3o \u00e9 que o resultado do processo seletivo seja publicado no dia 25 de fevereiro. As aulas ter\u00e3o in\u00edcio em abril de 2022, \u00e0s segundas-feiras, no per\u00edodo da manh\u00e3, tarde e noite.<\/p>\n<p><b>Isen\u00e7\u00e3o<\/b>\u00a0&#8211;\u00a0Candidatos\u00a0inscritos no Cadastro \u00danico para Programas Sociais do Governo Federal (Cad\u00danico) e que sejam membros de fam\u00edlia de baixa renda t\u00eam direito \u00e0 isen\u00e7\u00e3o do pagamento da taxa de inscri\u00e7\u00e3o.<\/p>\n<p>A solicita\u00e7\u00e3o precisa ser feita at\u00e9 esta quinta-feira, 23, no ato da inscri\u00e7\u00e3o,\u00a0<a title=\"de acordo com as instru\u00e7\u00f5es do edital\" href=\"http:\/\/www.ifms.edu.br:9000\/lists\/lt.php?tid=KxlTBFABBVUAUUtXBVQATlAGAVROAAAKUhtZAAsFA1BTAQ1QVg4fBQJYVwJRBQZOUlYCU04NCQ4FGwFeUAtPBAIHUAsACgAGUwVfH1ICAwYCUlcDTghaXAYbDFZQBk8JVlZUH1AKVgBWAgNWVAIABw\" target=\"_blank\" rel=\"noopener noreferrer\">de acordo com as\u00a0instru\u00e7\u00f5es do edital<\/a>.<\/p>\n<p><b>Curso<\/b>\u00a0&#8211;\u00a0Coordenado por um\u00a0<a title=\"Comit\u00ea Gestor do Instituto Federal do Esp\u00edrito Santo (Ifes)\" href=\"http:\/\/www.ifms.edu.br:9000\/lists\/lt.php?tid=KxkGC1cJVlYFUUsHDlkGTlBXVAdOAV5aVxsLBFRQAwlVVwZQXQ8fBQJYVwJRBQZOUlYCU04NCQ4FGwFeUAtPBAIHUAsACgAGUwVfH1ICAwYCUlcDTghaXAYbDFZQBk8JVlZUH1AKVgBWAgNWVAIABw\" target=\"_blank\" rel=\"noopener noreferrer\">Comit\u00ea Gestor do Instituto Federal do Esp\u00edrito Santo (Ifes)<\/a>\u00a0e pela Comiss\u00e3o Acad\u00eamica Nacional, o Mestrado Profissional \u00e9 ofertado na modalidade semipresencial em 40 institui\u00e7\u00f5es da Rede Federal, sendo 38 Institutos Federais, um Centro Federal de Educa\u00e7\u00e3o Profissional (Cefet) e o Col\u00e9gio Pedro II.<\/p>\n<p>As linhas de pesquisa do mestrado s\u00e3o:<\/p>\n<p><u>Pr\u00e1ticas Educativas em Educa\u00e7\u00e3o Profissional e Tecnol\u00f3gica:<\/u>\u00a0trata dos fundamentos das pr\u00e1ticas educativas e do desenvolvimento curricular na Educa\u00e7\u00e3o Profissional e Tecnol\u00f3gica, em suas diversas formas de oferta, a partir de uma abordagem inclusiva, interdisciplinar, em espa\u00e7os formais e n\u00e3o formais, em conformidade com a perspectiva do trabalho como princ\u00edpio educativo e do curr\u00edculo integrado;<\/p>\n<p><u>Gest\u00e3o e Organiza\u00e7\u00e3o do Espa\u00e7o Pedag\u00f3gico em Educa\u00e7\u00e3o Profissional e Tecnol\u00f3gica:<\/u>\u00a0trata dos processos de gest\u00e3o e organiza\u00e7\u00e3o do espa\u00e7o pedag\u00f3gico que contribuam diretamente com os processos de ensino, com foco nas estrat\u00e9gias transversais e interdisciplinares que possibilitem forma\u00e7\u00e3o integral e significativa do educando.<\/p>\n<p>Mais informa\u00e7\u00f5es sobre o curso est\u00e3o dispon\u00edveis na\u00a0<a title=\"p\u00e1gina do Mestrado Profissional do Campus Campo Grande do IFMS\" href=\"http:\/\/www.ifms.edu.br:9000\/lists\/lt.php?tid=KxlWBAEOUQhTWUtSA1FTTlAGAANOAQ0NVxsAUlAKVwdTXFMHUQofBQJYVwJRBQZOUlYCU04NCQ4FGwFeUAtPBAIHUAsACgAGUwVfH1ICAwYCUlcDTghaXAYbDFZQBk8JVlZUH1AKVgBWAgNWVAIABw\" target=\"_blank\" rel=\"noopener noreferrer\">p\u00e1gina do\u00a0Mestrado Profissional\u00a0do Campus Campo Grande<\/a>.<\/p>\n","protected":false},"excerpt":{"rendered":"<p>Seguem abertas at\u00e9 o dia 10 de janeiro as inscri\u00e7\u00f5es no processo seletivo para ingresso&#8230;<\/p>\n","protected":false},"author":9,"featured_media":0,"comment_status":"closed","ping_status":"closed","sticky":false,"template":"","format":"standard","meta":{"footnotes":""},"categories":[10],"tags":[],"class_list":["post-11720961","post","type-post","status-publish","format-standard","hentry","category-educacao"],"_links":{"self":[{"href":"https:\/\/www.corumbaonline.com.br\/news\/wp-json\/wp\/v2\/posts\/11720961","targetHints":{"allow":["GET"]}}],"collection":[{"href":"https:\/\/www.corumbaonline.com.br\/news\/wp-json\/wp\/v2\/posts"}],"about":[{"href":"https:\/\/www.corumbaonline.com.br\/news\/wp-json\/wp\/v2\/types\/post"}],"author":[{"embeddable":true,"href":"https:\/\/www.corumbaonline.com.br\/news\/wp-json\/wp\/v2\/users\/9"}],"replies":[{"embeddable":true,"href":"https:\/\/www.corumbaonline.com.br\/news\/wp-json\/wp\/v2\/comments?post=11720961"}],"version-history":[{"count":1,"href":"https:\/\/www.corumbaonline.com.br\/news\/wp-json\/wp\/v2\/posts\/11720961\/revisions"}],"predecessor-version":[{"id":11720962,"href":"https:\/\/www.corumbaonline.com.br\/news\/wp-json\/wp\/v2\/posts\/11720961\/revisions\/11720962"}],"wp:attachment":[{"href":"https:\/\/www.corumbaonline.com.br\/news\/wp-json\/wp\/v2\/media?parent=11720961"}],"wp:term":[{"taxonomy":"category","embeddable":true,"href":"https:\/\/www.corumbaonline.com.br\/news\/wp-json\/wp\/v2\/categories?post=11720961"},{"taxonomy":"post_tag","embeddable":true,"href":"https:\/\/www.corumbaonline.com.br\/news\/wp-json\/wp\/v2\/tags?post=11720961"}],"curies":[{"name":"wp","href":"https:\/\/api.w.org\/{rel}","templated":true}]}}