{"id":11720968,"date":"2021-12-23T09:09:00","date_gmt":"2021-12-23T13:09:00","guid":{"rendered":"http:\/\/www.corumbaonline.com.br\/news\/?p=11720968"},"modified":"2021-12-23T10:02:13","modified_gmt":"2021-12-23T14:02:13","slug":"bombeiros-combatem-incendio-em-van-que-estava-em-oficina-na-area-central","status":"publish","type":"post","link":"https:\/\/www.corumbaonline.com.br\/news\/bombeiros-combatem-incendio-em-van-que-estava-em-oficina-na-area-central\/","title":{"rendered":"Bombeiros combatem inc\u00eandio em Van que estava em oficina na \u00e1rea central"},"content":{"rendered":"<p>A Central de Opera\u00e7\u00f5es do Corpo de Bombeiros Militar de Corumb\u00e1 registrou 10 ocorr\u00eancias nas \u00faltimas 24 horas. Por volta das 20 horas desta quarta-feira (22) as viaturas de combate \u00e0 inc\u00eandio se deslocaram at\u00e9 a rua 21 de setembro quase esquina a Porto Carreiro, em uma oficina mec\u00e2nica, onde um dos veiculo estava em chamas . No local a guarni\u00e7\u00e3o realizou combate e a extin\u00e7\u00e3o do inc\u00eandio que atingiu uma Van. Foram gastos cerca de 3 mil litros de \u00e1gua na opera\u00e7\u00e3o devido a grande quantidade de l\u00edquido inflam\u00e1vel concentrada no ve\u00edculo. As causas do inc\u00eandio s\u00e3o desconhecidas. Ningu\u00e9m se feriu.\u00a0 Ap\u00f3s o controle do inc\u00eandio o local ficou aos cuidados do propriet\u00e1rio.<\/p>\n","protected":false},"excerpt":{"rendered":"<p>A Central de Opera\u00e7\u00f5es do Corpo de Bombeiros Militar de Corumb\u00e1 registrou 10 ocorr\u00eancias nas&#8230;<\/p>\n","protected":false},"author":6,"featured_media":11720969,"comment_status":"closed","ping_status":"closed","sticky":false,"template":"","format":"standard","meta":{"footnotes":""},"categories":[18],"tags":[],"class_list":["post-11720968","post","type-post","status-publish","format-standard","has-post-thumbnail","hentry","category-seguranca"],"_links":{"self":[{"href":"https:\/\/www.corumbaonline.com.br\/news\/wp-json\/wp\/v2\/posts\/11720968","targetHints":{"allow":["GET"]}}],"collection":[{"href":"https:\/\/www.corumbaonline.com.br\/news\/wp-json\/wp\/v2\/posts"}],"about":[{"href":"https:\/\/www.corumbaonline.com.br\/news\/wp-json\/wp\/v2\/types\/post"}],"author":[{"embeddable":true,"href":"https:\/\/www.corumbaonline.com.br\/news\/wp-json\/wp\/v2\/users\/6"}],"replies":[{"embeddable":true,"href":"https:\/\/www.corumbaonline.com.br\/news\/wp-json\/wp\/v2\/comments?post=11720968"}],"version-history":[{"count":1,"href":"https:\/\/www.corumbaonline.com.br\/news\/wp-json\/wp\/v2\/posts\/11720968\/revisions"}],"predecessor-version":[{"id":11720970,"href":"https:\/\/www.corumbaonline.com.br\/news\/wp-json\/wp\/v2\/posts\/11720968\/revisions\/11720970"}],"wp:featuredmedia":[{"embeddable":true,"href":"https:\/\/www.corumbaonline.com.br\/news\/wp-json\/wp\/v2\/media\/11720969"}],"wp:attachment":[{"href":"https:\/\/www.corumbaonline.com.br\/news\/wp-json\/wp\/v2\/media?parent=11720968"}],"wp:term":[{"taxonomy":"category","embeddable":true,"href":"https:\/\/www.corumbaonline.com.br\/news\/wp-json\/wp\/v2\/categories?post=11720968"},{"taxonomy":"post_tag","embeddable":true,"href":"https:\/\/www.corumbaonline.com.br\/news\/wp-json\/wp\/v2\/tags?post=11720968"}],"curies":[{"name":"wp","href":"https:\/\/api.w.org\/{rel}","templated":true}]}}