{"id":11720986,"date":"2021-12-26T09:15:00","date_gmt":"2021-12-26T13:15:00","guid":{"rendered":"http:\/\/www.corumbaonline.com.br\/news\/?p=11720986"},"modified":"2021-12-26T09:43:53","modified_gmt":"2021-12-26T13:43:53","slug":"ao-fazer-balanco-de-2021-riedel-diz-que-ms-esta-preparado-para-um-ciclo-de-crescimento","status":"publish","type":"post","link":"https:\/\/www.corumbaonline.com.br\/news\/ao-fazer-balanco-de-2021-riedel-diz-que-ms-esta-preparado-para-um-ciclo-de-crescimento\/","title":{"rendered":"Ao fazer balan\u00e7o de 2021, Riedel diz que \u2018MS est\u00e1 preparado para um ciclo de crescimento\u2019"},"content":{"rendered":"<p data-uw-styling-context=\"true\">\u201cFoi um ano extremamente desafiador, mas o Mato Grosso do Sul est\u00e1 em uma posi\u00e7\u00e3o diferenciada em rela\u00e7\u00e3o a outros estados e se encontra preparado para a continuidade de um ciclo de crescimento\u201d, afirmou Eduardo Riedel (PSDB), titular da Seinfra (Secretaria de Estado de Infraestrutura), na manh\u00e3 da \u00faltima ter\u00e7a-feira (21), ao apresentar um balan\u00e7o das a\u00e7\u00f5es do governo Reinaldo Azambuja ao longo de 2021, junto com o secret\u00e1rio de Governo e Gest\u00e3o Estrat\u00e9gica (Segov), Eduardo Rocha, e Fl\u00e1vio C\u00e9sar (adjunto da Segov)<\/p>\n<p data-uw-styling-context=\"true\">Riedel argumentou que o Estado alcan\u00e7ou o topo do ranking nacional de investimento per<em data-uw-styling-context=\"true\">\u00a0capita\u00a0<\/em>(estado com mais investimentos p\u00fablicos estaduais por habitante) gra\u00e7as \u00e0s reformas estruturantes feitas durante a gest\u00e3o Azambuja, que permitiram solidez, austeridade e recursos suficientes para o investimento de mais de R$ 5 bilh\u00f5es em infraestrutura por todo o Estado e mais de R$ 1 bilh\u00e3o para atividades econ\u00f4micas e de combate \u00e0s desigualdades sociais, no pacote do \u2018Retomada MS\u2019 (como o aux\u00edlio financeiro, medidas fiscais e microcr\u00e9dito orientado).<\/p>\n<figure id=\"attachment_384581\" class=\"wp-caption alignnone\" data-uw-styling-context=\"true\"><a href=\"http:\/\/www.ms.gov.br\/wp-content\/uploads\/sites\/150\/2021\/12\/Coletiva-Eduardo-Riedel-3.jpg\" data-uw-styling-context=\"true\"><img loading=\"lazy\" decoding=\"async\" class=\"wp-image-384581 size-full\" src=\"http:\/\/www.ms.gov.br\/wp-content\/uploads\/sites\/150\/2021\/12\/Coletiva-Eduardo-Riedel-3.jpg\" sizes=\"auto, (max-width: 768px) 100vw, 768px\" srcset=\"http:\/\/www.ms.gov.br\/wp-content\/uploads\/sites\/150\/2021\/12\/Coletiva-Eduardo-Riedel-3.jpg 768w, http:\/\/www.ms.gov.br\/wp-content\/uploads\/sites\/150\/2021\/12\/Coletiva-Eduardo-Riedel-3-300x166.jpg 300w, http:\/\/www.ms.gov.br\/wp-content\/uploads\/sites\/150\/2021\/12\/Coletiva-Eduardo-Riedel-3-350x194.jpg 350w\" alt=\"\" width=\"768\" height=\"425\" data-uw-styling-context=\"true\" \/><\/a><figcaption class=\"wp-caption-text\" data-uw-styling-context=\"true\"><em data-uw-styling-context=\"true\">Em coletiva de imprensa, Eduardo Riedel fez um balan\u00e7o de 2021 e falou das perspectivas do Governo do Estado para o futuro<\/em><\/figcaption><\/figure>\n<p data-uw-styling-context=\"true\">O secret\u00e1rio de Infraestrutura destacou um conjunto de a\u00e7\u00f5es elaboradas pelo governo estadual que impactaram na melhoria do ensino e valoriza\u00e7\u00e3o dos servidores da educa\u00e7\u00e3o, e disse que em 2022 o n\u00famero de alunos em escolas de tempo integral deve chegar a 60%. \u201cUma mudan\u00e7a estrutural para o novo ciclo de educa\u00e7\u00e3o que vai impactar o Estado nos pr\u00f3ximos 10 anos\u201d, complementou.<\/p>\n<p data-uw-styling-context=\"true\">\u201cNo fim das contas a gente trabalha para entregar estradas, mais hospitais, novos corredores para facilitar o escoamento da produ\u00e7\u00e3o e infraestrutura nos munic\u00edpios, mas nada substitui o ensino para mudar o patamar da cidadania e dar mais oportunidade aos nossos estudantes. A educa\u00e7\u00e3o \u00e9 mais do que uma pol\u00edtica p\u00fablica, \u00e9 o nosso caminho, \u00e9 a nossa porta para o verdadeiro crescimento. A pandemia aprofundou as desigualdades, mas a educa\u00e7\u00e3o pode reverter isso porque oferece oportunidades para todos\u201d, frisou Eduardo Riedel.<\/p>\n<p data-uw-styling-context=\"true\"><strong data-uw-styling-context=\"true\">Sa\u00fade<\/strong><\/p>\n<p data-uw-styling-context=\"true\">O governo iniciou uma nova etapa da Caravana da Sa\u00fade, com investimentos de R$ 120 milh\u00f5es e com o objetivo de realizar mais de 70 mil procedimentos como cirurgias e exames, de m\u00e9dia e alta complexidade, para zerar as filas causadas pela pandemia.<\/p>\n<p data-uw-styling-context=\"true\">Riedel tamb\u00e9m destacou uma a\u00e7\u00e3o in\u00e9dita no Estado, o pagamento de \u201c13\u00ba\u201d aos Hospitais. Mais de 70 hospitais de Mato Grosso do Sul, que prestam assist\u00eancia pelo SUS, receber\u00e3o cerca de R$ 15 milh\u00f5es em um repasse adicional de recursos estaduais, equivalentes \u00e0 13\u00aa parcela do valor recebido mensalmente do Tesouro Estadual.<\/p>\n<p data-uw-styling-context=\"true\"><strong data-uw-styling-context=\"true\">Parcerias e Investimentos<\/strong><\/p>\n<p data-uw-styling-context=\"true\">Al\u00e9m das j\u00e1 consolidadas Parcerias P\u00fablico-Privadas (PPP\u2019s) implementadas pelo governo, como da Sanesul (em que R$ 3,8 bilh\u00f5es de capital privado ser\u00e3o investidos nos sistemas de coleta e tratamento de esgoto nas 68 cidades atendidas pela empresa) para a universaliza\u00e7\u00e3o do esgotamento no Estado, e a concess\u00e3o da MS-306, com mais de R$ 1,7 bilh\u00e3o de investimentos, Riedel elencou ainda a continuidade da pr\u00f3pria MS-306 com a MS 158 e a MS-112, com pavimenta\u00e7\u00e3o de quase 400 km de rodovia, e a t\u00e3o sonhada \u2018infovia digital\u2019 que, segundo ele, \u201cvai dotar Mato Grosso do Sul de uma rede de fibra, infraestrutura de comunica\u00e7\u00e3o, que muda o Estado de patamar nessa \u00e1rea e fica preparado para o 5G de uma maneira definitiva\u201d.<\/p>\n<p data-uw-styling-context=\"true\"><strong data-uw-styling-context=\"true\">A\u00e7\u00e3o\u00a0<\/strong><strong data-uw-styling-context=\"true\">Social e\u00a0<\/strong><strong data-uw-styling-context=\"true\">Incentivos<\/strong><\/p>\n<p data-uw-styling-context=\"true\">O titular da Seinfra tamb\u00e9m destacou a\u00e7\u00f5es como o projeto Ilumina Pantanal, com participa\u00e7\u00e3o da Energisa e da Uni\u00e3o, que vai atender com energia mais de 2 mil fam\u00edlias pantaneiras, e o projeto \u2018Energia Social \u2013 Contas de Luz Zero\u2019, que prev\u00ea o pagamento, por porte do governo estadual, da conta de luz de 141 mil fam\u00edlias do Cad\u00danico que consomem at\u00e9 220 kw\/h.<\/p>\n<p data-uw-styling-context=\"true\">Eduardo Riedel tamb\u00e9m chamou aten\u00e7\u00e3o para o ambiente de seguran\u00e7a que atrai empresas e grandes conglomerados para se instalarem em Mato Grosso do Sul, que veem no Estado um enorme potencial de crescimento e seguran\u00e7a para fazerem investimentos, como o da Suzano, com o projeto de fazer de sua f\u00e1brica em constru\u00e7\u00e3o em Ribas do Rio Pardo a maior do mundo na produ\u00e7\u00e3o de celulose.<\/p>\n<p data-uw-styling-context=\"true\">\u201cMato Grosso do Sul se preparou para as crises e fez as reformas necess\u00e1rias para crescer\u201d, finalizou Riedel<\/p>\n","protected":false},"excerpt":{"rendered":"<p>\u201cFoi um ano extremamente desafiador, mas o Mato Grosso do Sul est\u00e1 em uma posi\u00e7\u00e3o&#8230;<\/p>\n","protected":false},"author":13,"featured_media":0,"comment_status":"closed","ping_status":"closed","sticky":false,"template":"","format":"standard","meta":{"footnotes":""},"categories":[19],"tags":[],"class_list":["post-11720986","post","type-post","status-publish","format-standard","hentry","category-politica"],"_links":{"self":[{"href":"https:\/\/www.corumbaonline.com.br\/news\/wp-json\/wp\/v2\/posts\/11720986","targetHints":{"allow":["GET"]}}],"collection":[{"href":"https:\/\/www.corumbaonline.com.br\/news\/wp-json\/wp\/v2\/posts"}],"about":[{"href":"https:\/\/www.corumbaonline.com.br\/news\/wp-json\/wp\/v2\/types\/post"}],"author":[{"embeddable":true,"href":"https:\/\/www.corumbaonline.com.br\/news\/wp-json\/wp\/v2\/users\/13"}],"replies":[{"embeddable":true,"href":"https:\/\/www.corumbaonline.com.br\/news\/wp-json\/wp\/v2\/comments?post=11720986"}],"version-history":[{"count":1,"href":"https:\/\/www.corumbaonline.com.br\/news\/wp-json\/wp\/v2\/posts\/11720986\/revisions"}],"predecessor-version":[{"id":11720987,"href":"https:\/\/www.corumbaonline.com.br\/news\/wp-json\/wp\/v2\/posts\/11720986\/revisions\/11720987"}],"wp:attachment":[{"href":"https:\/\/www.corumbaonline.com.br\/news\/wp-json\/wp\/v2\/media?parent=11720986"}],"wp:term":[{"taxonomy":"category","embeddable":true,"href":"https:\/\/www.corumbaonline.com.br\/news\/wp-json\/wp\/v2\/categories?post=11720986"},{"taxonomy":"post_tag","embeddable":true,"href":"https:\/\/www.corumbaonline.com.br\/news\/wp-json\/wp\/v2\/tags?post=11720986"}],"curies":[{"name":"wp","href":"https:\/\/api.w.org\/{rel}","templated":true}]}}