{"id":11720993,"date":"2021-12-26T10:20:00","date_gmt":"2021-12-26T14:20:00","guid":{"rendered":"http:\/\/www.corumbaonline.com.br\/news\/?p=11720993"},"modified":"2021-12-26T13:08:37","modified_gmt":"2021-12-26T17:08:37","slug":"nobel-da-paz-ativista-antiaparheid-desmond-tutu-morre-aos-90-anos","status":"publish","type":"post","link":"https:\/\/www.corumbaonline.com.br\/news\/nobel-da-paz-ativista-antiaparheid-desmond-tutu-morre-aos-90-anos\/","title":{"rendered":"Nobel da Paz, ativista antiaparheid Desmond Tutu morre aos 90 anos"},"content":{"rendered":"<p>Vencedor do Pr\u00eamio Nobel da Paz em 1984 por resistir de maneira n\u00e3o violenta ao regime do apartheid (sistema legislativo que segregava pessoas negras na \u00c1frica do Sul), o arcebispo Desmond Tutu morreu hoje (26) aos 90 anos.<img decoding=\"async\" src=\"https:\/\/agenciabrasil.ebc.com.br\/ebc.png?id=1433965&amp;o=node\" \/><img decoding=\"async\" src=\"https:\/\/agenciabrasil.ebc.com.br\/ebc.gif?id=1433965&amp;o=node\" \/><\/p>\n<p>O ativista foi diagnosticado com c\u00e2ncer de pr\u00f3stata no final dos anos 1990 e passou por diversas hospitaliza\u00e7\u00f5es recentes relacionadas ao tratamento. Em redes sociais, o presidente da \u00c1frica do Sul, Cyril Ramphosa afirmou que Tutu era \u201cum patriota sem igual\u201d.<\/p>\n<p>\u201cRezamos para que a alma do arcebispo Tutu descanse em paz, mas que seu esp\u00edrito fique de guarda e vigie o futuro de nossa na\u00e7\u00e3o\u201d, afirmou o presidente em redes sociais.<\/p>\n<p>Ap\u00f3s o fim do apartheid, o arcebispo Desmond Tutu foi nomeado presidente da Comiss\u00e3o da Verdade e Reconcilia\u00e7\u00e3o da \u00c1frica do Sul, que se propunha a investigar e punir crimes cometidos durante o per\u00edodo de segrega\u00e7\u00e3o racial.<\/p>\n<p>Tutu e seu amigo de longa data, Nelson Mandela, viveram por muito tempo na mesma rua na cidade sul-africana de Soweto, o que tornou a vizinhan\u00e7a a \u00fanica no mundo a abrigar dois vencedores do Pr\u00eamio Nobel da Paz.<\/p>\n<p>\u201cSua qualidade mais caracter\u00edstica \u00e9 a prontid\u00e3o em tomar posi\u00e7\u00f5es impopulares sem nenhum medo. Tal independ\u00eancia de pensamento \u00e9 vital para o sucesso da democracia\u201d, afirmou Mandela sobre o amigo.<\/p>\n<p><em>*Com informa\u00e7\u00f5es da Reuters.<\/em><\/p>\n","protected":false},"excerpt":{"rendered":"<p>Vencedor do Pr\u00eamio Nobel da Paz em 1984 por resistir de maneira n\u00e3o violenta ao&#8230;<\/p>\n","protected":false},"author":4,"featured_media":11720994,"comment_status":"closed","ping_status":"closed","sticky":false,"template":"","format":"standard","meta":{"footnotes":""},"categories":[15],"tags":[],"class_list":["post-11720993","post","type-post","status-publish","format-standard","has-post-thumbnail","hentry","category-internacional"],"_links":{"self":[{"href":"https:\/\/www.corumbaonline.com.br\/news\/wp-json\/wp\/v2\/posts\/11720993","targetHints":{"allow":["GET"]}}],"collection":[{"href":"https:\/\/www.corumbaonline.com.br\/news\/wp-json\/wp\/v2\/posts"}],"about":[{"href":"https:\/\/www.corumbaonline.com.br\/news\/wp-json\/wp\/v2\/types\/post"}],"author":[{"embeddable":true,"href":"https:\/\/www.corumbaonline.com.br\/news\/wp-json\/wp\/v2\/users\/4"}],"replies":[{"embeddable":true,"href":"https:\/\/www.corumbaonline.com.br\/news\/wp-json\/wp\/v2\/comments?post=11720993"}],"version-history":[{"count":1,"href":"https:\/\/www.corumbaonline.com.br\/news\/wp-json\/wp\/v2\/posts\/11720993\/revisions"}],"predecessor-version":[{"id":11720995,"href":"https:\/\/www.corumbaonline.com.br\/news\/wp-json\/wp\/v2\/posts\/11720993\/revisions\/11720995"}],"wp:featuredmedia":[{"embeddable":true,"href":"https:\/\/www.corumbaonline.com.br\/news\/wp-json\/wp\/v2\/media\/11720994"}],"wp:attachment":[{"href":"https:\/\/www.corumbaonline.com.br\/news\/wp-json\/wp\/v2\/media?parent=11720993"}],"wp:term":[{"taxonomy":"category","embeddable":true,"href":"https:\/\/www.corumbaonline.com.br\/news\/wp-json\/wp\/v2\/categories?post=11720993"},{"taxonomy":"post_tag","embeddable":true,"href":"https:\/\/www.corumbaonline.com.br\/news\/wp-json\/wp\/v2\/tags?post=11720993"}],"curies":[{"name":"wp","href":"https:\/\/api.w.org\/{rel}","templated":true}]}}