{"id":11721000,"date":"2021-12-27T13:00:00","date_gmt":"2021-12-27T17:00:00","guid":{"rendered":"http:\/\/www.corumbaonline.com.br\/news\/?p=11721000"},"modified":"2021-12-27T13:00:45","modified_gmt":"2021-12-27T17:00:45","slug":"saiba-a-diferenca-dos-sintomas-de-covid-19-e-gripe","status":"publish","type":"post","link":"https:\/\/www.corumbaonline.com.br\/news\/saiba-a-diferenca-dos-sintomas-de-covid-19-e-gripe\/","title":{"rendered":"Saiba a diferen\u00e7a dos sintomas de covid-19 e gripe"},"content":{"rendered":"<p>Neste fim de ano, em meio \u00e0 pandemia de covid-19 &#8211;\u00a0embora com queda acentuada das curvas de mortes e infec\u00e7\u00f5es\u00a0&#8211;\u00a0crescem no Brasil\u00a0os\u00a0<a href=\"http:\/\/%28https\/\/agenciabrasil.ebc.com.br\/saude\/noticia\/2021-12\/gripe-se-espalha-durante-primavera-e-surpreende-pesquisadores\" target=\"_blank\" rel=\"noopener\">casos de gripe<\/a>. As duas doen\u00e7as podem confundir, dada a semelhan\u00e7a dos sintomas.<img decoding=\"async\" src=\"https:\/\/agenciabrasil.ebc.com.br\/ebc.png?id=1433728&amp;o=node\" \/><img decoding=\"async\" src=\"https:\/\/agenciabrasil.ebc.com.br\/ebc.gif?id=1433728&amp;o=node\" \/><\/p>\n<p>O conhecimento e a rea\u00e7\u00e3o aos sintomas s\u00e3o necess\u00e1rios diante dos riscos de\u00a0transmiss\u00e3o da covid-19. Conforme orienta\u00e7\u00f5es do Minist\u00e9rio da Sa\u00fade, uma pessoa infectada deve, al\u00e9m de procurar atendimento, ficar isolada de outros indiv\u00edduos e fazer quarentena durante 14 dias. O prazo pode ser menor, dependendo das orienta\u00e7\u00f5es das prefeituras.<\/p>\n<p>Segundo a infectologista Ana Helena Germoglio, n\u00e3o \u00e9 poss\u00edvel definir se uma pessoa est\u00e1 com covid-19 ou com gripe apenas com a an\u00e1lise do profissional, chamado no jarg\u00e3o t\u00e9cnico de diagn\u00f3stico cl\u00ednico.<\/p>\n<p>Para a avalia\u00e7\u00e3o do quadro de sa\u00fade do paciente \u00e9 preciso realizar testes. No caso da covid-19, h\u00e1 diferentes modalidades, como os testes de ant\u00edgeno ou laboratoriais PCR. No caso da gripe, tamb\u00e9m h\u00e1 distintos tipos de exames.<\/p>\n<p>Por isso, a infectologista destaca a import\u00e2ncia de que, diante de sintomas, as pessoas procurem assist\u00eancia m\u00e9dica para que o profissional possa indicar os procedimentos adequados \u00e0\u00a0realiza\u00e7\u00e3o do diagn\u00f3stico.<\/p>\n<h2>Gripe x covid-19<\/h2>\n<p>Embora os sintomas sejam bastante parecidos, h\u00e1 especificidades entre as duas doen\u00e7as. Na gripe, sintomas como febre, tosse seca, cansa\u00e7o, dores no corpo, mal-estar e dor de cabe\u00e7a s\u00e3o comuns. Coriza ou nariz entupido e dor de garganta podem aparecer, mas s\u00e3o menos frequentes.<\/p>\n<p>A gripe pode evoluir para casos graves e at\u00e9 mesmo para a morte. Segundo material explicativo do Instituto Fernandes Figueira, da Funda\u00e7\u00e3o Oswaldo Cruz (IFF-Fiocruz), a hospitaliza\u00e7\u00e3o e a possibilidade de \u00f3bito est\u00e3o, em geral, vinculadas aos grupos de alto risco. A\u00a0<em>influenza<\/em>\u00a0pode tamb\u00e9m abrir espa\u00e7o para infec\u00e7\u00f5es secund\u00e1rias, como aquelas causadas por bact\u00e9rias.<\/p>\n<p>Na covid-19, febre e tosse seca s\u00e3o sintomas comuns. J\u00e1 cansa\u00e7o, dores no corpo, mal-estar e dor de garganta podem surgir \u00e0s vezes. A doen\u00e7a tem outros sintomas que, em geral, n\u00e3o s\u00e3o sentidos por quem tem\u00a0gripe, como perda do olfato e paladar.<\/p>\n<p>A covid-19 tamb\u00e9m pode avan\u00e7ar para quadros mais graves, como evidencia a\u00a0marca de mais de 600 mil pessoas. Pessoas nessas situa\u00e7\u00f5es mais graves ou cr\u00edticas podem\u00a0<span id=\"OBJ_PREFIX_DWT349_com_zimbra_date\" role=\"link\">ter<\/span>\u00a0forte falta de ar, pneumonia grave e outros problemas respirat\u00f3rios que demandem suporte ventilat\u00f3rio ou interna\u00e7\u00e3o em unidades de terapia intensiva.<\/p>\n<p>\u201cA covid-19, principalmente agora, d\u00e1 muita queixa de perda de olfato e paladar. A<em>\u00a0influenza<\/em>\u00a0costuma deixar mais prostrado, acamado, dor no corpo, sensa\u00e7\u00e3o de congest\u00e3o. Quando a gente compara as duas, a\u00a0<em>influenza<\/em>\u00a0d\u00e1 muito mais sintomas. Pra gente fechar o diagn\u00f3stico, somente com exame laboratorial\u201d, diz\u00a0Ana Helena Germoglio.<\/p>\n","protected":false},"excerpt":{"rendered":"<p>Neste fim de ano, em meio \u00e0 pandemia de covid-19 &#8211;\u00a0embora com queda acentuada das&#8230;<\/p>\n","protected":false},"author":4,"featured_media":0,"comment_status":"closed","ping_status":"closed","sticky":false,"template":"","format":"standard","meta":{"footnotes":""},"categories":[116,21],"tags":[],"class_list":["post-11721000","post","type-post","status-publish","format-standard","hentry","category-coronavirus","category-saude"],"_links":{"self":[{"href":"https:\/\/www.corumbaonline.com.br\/news\/wp-json\/wp\/v2\/posts\/11721000","targetHints":{"allow":["GET"]}}],"collection":[{"href":"https:\/\/www.corumbaonline.com.br\/news\/wp-json\/wp\/v2\/posts"}],"about":[{"href":"https:\/\/www.corumbaonline.com.br\/news\/wp-json\/wp\/v2\/types\/post"}],"author":[{"embeddable":true,"href":"https:\/\/www.corumbaonline.com.br\/news\/wp-json\/wp\/v2\/users\/4"}],"replies":[{"embeddable":true,"href":"https:\/\/www.corumbaonline.com.br\/news\/wp-json\/wp\/v2\/comments?post=11721000"}],"version-history":[{"count":1,"href":"https:\/\/www.corumbaonline.com.br\/news\/wp-json\/wp\/v2\/posts\/11721000\/revisions"}],"predecessor-version":[{"id":11721001,"href":"https:\/\/www.corumbaonline.com.br\/news\/wp-json\/wp\/v2\/posts\/11721000\/revisions\/11721001"}],"wp:attachment":[{"href":"https:\/\/www.corumbaonline.com.br\/news\/wp-json\/wp\/v2\/media?parent=11721000"}],"wp:term":[{"taxonomy":"category","embeddable":true,"href":"https:\/\/www.corumbaonline.com.br\/news\/wp-json\/wp\/v2\/categories?post=11721000"},{"taxonomy":"post_tag","embeddable":true,"href":"https:\/\/www.corumbaonline.com.br\/news\/wp-json\/wp\/v2\/tags?post=11721000"}],"curies":[{"name":"wp","href":"https:\/\/api.w.org\/{rel}","templated":true}]}}