{"id":11721002,"date":"2021-12-27T13:10:00","date_gmt":"2021-12-27T17:10:00","guid":{"rendered":"http:\/\/www.corumbaonline.com.br\/news\/?p=11721002"},"modified":"2021-12-27T13:03:00","modified_gmt":"2021-12-27T17:03:00","slug":"reformado-pela-prefeitura-ubsf-sao-bartolomeu-volta-a-funcionar-nesta-terca-feira","status":"publish","type":"post","link":"https:\/\/www.corumbaonline.com.br\/news\/reformado-pela-prefeitura-ubsf-sao-bartolomeu-volta-a-funcionar-nesta-terca-feira\/","title":{"rendered":"Reformado pela Prefeitura, UBSF S\u00e3o Bartolomeu volta a funcionar nesta ter\u00e7a-feira"},"content":{"rendered":"<p>O prefeito Marcelo Iunes entregou nesta segunda-feira, 27 de dezembro, a reforma da Unidade B\u00e1sica de Sa\u00fade da Fam\u00edlia (UBSF) S\u00e3o Bartolomeu, no bairro Guarani. A obra foi executada pela Prefeitura, com recursos federais. A UBSF assiste mais de 3600 pessoas e volta a funcionar nesta ter\u00e7a-feira, dia 28.<\/p>\n<p>\u201cEssa \u00e9 mais uma obra emblem\u00e1tica, at\u00e9 porque acabou demorando al\u00e9m do projeto inicial, mas gra\u00e7as a Deus estamos entregando \u00e0 popula\u00e7\u00e3o mais esse trabalho que, com certeza, vai desafogar o posto de sa\u00fade aqui do Jo\u00e3o de Deus e tamb\u00e9m a UPA e o Pronto Socorro\u201d, afirmou o prefeito de Corumb\u00e1, que anunciou outras interven\u00e7\u00f5es j\u00e1 para o pr\u00f3ximo ano.<\/p>\n<p>\u201cJ\u00e1 no come\u00e7o de janeiro daremos a ordem de servi\u00e7o para as obras finais da Unidade de Sa\u00fade do Guat\u00f3s, onde infelizmente a a\u00e7\u00e3o de v\u00e2ndalos acabou prejudicando nosso planejamento. Aproveitando, pedimos a colabora\u00e7\u00e3o dos vizinhos, dos moradores, para ajudar na conserva\u00e7\u00e3o do pr\u00e9dio\u201d, prosseguiu o chefe do Executivo municipal.<\/p>\n<p>\u201cAinda no come\u00e7o de 2022 vamos dar a ordem de servi\u00e7o para reforma da UBS da Nova Corumb\u00e1. Ent\u00e3o em no m\u00e1ximo\u00a0 cinco meses, os moradores aqui da parte alta da cidade ter\u00e3o mais duas unidades em plenas condi\u00e7\u00f5es de bem atender nossa popula\u00e7\u00e3o\u201d, complementou Marcelo Iunes, que agradeceu o empenho de toda equipe da Secretaria de Sa\u00fade.<\/p>\n<p>\u201cQuero agradecer ao nosso secret\u00e1rio de Sa\u00fade, doutor Rog\u00e9rio Leite, e toda sua equipe pelo empenho, pela dedica\u00e7\u00e3o de concluirmos esse trabalho ainda neste ano\u201d, finalizou o prefeito de Corumb\u00e1.<\/p>\n<p>Durante a entrega da obra, o secret\u00e1rio municipal de Sa\u00fade destacou que o local recebeu reforma f\u00edsica, hidr\u00e1ulica e de esgoto, com adequa\u00e7\u00f5es hidrossanit\u00e1rias e estruturais. \u201cEssa \u00e9 mais obra entregue por esta Gest\u00e3o Municipal. Estamos fazendo nossa obriga\u00e7\u00e3o de atender a popula\u00e7\u00e3o e vamos continuar trabalhando para avan\u00e7ar cada vez mais\u201d, pontuou Rog\u00e9rio Leite.<\/p>\n<div id=\"gallery-1\" class=\"gallery galleryid-123038 gallery-columns-2 gallery-size-large\">\n<figure class=\"gallery-item\">\n<div class=\"gallery-icon landscape\"><a role=\"link\" href=\"https:\/\/www.corumba.ms.gov.br\/?attachment_id=123037\"><img loading=\"lazy\" decoding=\"async\" class=\"attachment-large size-large\" src=\"https:\/\/www.corumba.ms.gov.br\/wp-content\/uploads\/2021\/12\/IMG_9990-copiar.jpg\" sizes=\"auto, (max-width: 1024px) 100vw, 1024px\" srcset=\"https:\/\/www.corumba.ms.gov.br\/wp-content\/uploads\/2021\/12\/IMG_9990-copiar.jpg 1024w, https:\/\/www.corumba.ms.gov.br\/wp-content\/uploads\/2021\/12\/IMG_9990-copiar-300x200.jpg 300w, https:\/\/www.corumba.ms.gov.br\/wp-content\/uploads\/2021\/12\/IMG_9990-copiar-768x512.jpg 768w\" alt=\"\" width=\"1024\" height=\"683\" aria-describedby=\"gallery-1-123037\" \/><\/a><\/div><figcaption id=\"gallery-1-123037\" class=\"wp-caption-text gallery-caption\">Fotos: Cl\u00f3vis Neto<\/figcaption><\/figure>\n<figure class=\"gallery-item\">\n<div class=\"gallery-icon landscape\"><a role=\"link\" href=\"https:\/\/www.corumba.ms.gov.br\/?attachment_id=123036\"><img loading=\"lazy\" decoding=\"async\" class=\"attachment-large size-large\" src=\"https:\/\/www.corumba.ms.gov.br\/wp-content\/uploads\/2021\/12\/IMG_9979-copiar.jpg\" sizes=\"auto, (max-width: 1024px) 100vw, 1024px\" srcset=\"https:\/\/www.corumba.ms.gov.br\/wp-content\/uploads\/2021\/12\/IMG_9979-copiar.jpg 1024w, https:\/\/www.corumba.ms.gov.br\/wp-content\/uploads\/2021\/12\/IMG_9979-copiar-300x200.jpg 300w, https:\/\/www.corumba.ms.gov.br\/wp-content\/uploads\/2021\/12\/IMG_9979-copiar-768x512.jpg 768w\" alt=\"\" width=\"1024\" height=\"683\" aria-describedby=\"gallery-1-123036\" \/><\/a><\/div><figcaption id=\"gallery-1-123036\" class=\"wp-caption-text gallery-caption\">Fotos: Cl\u00f3vis Neto<\/figcaption><\/figure>\n<figure class=\"gallery-item\">\n<div class=\"gallery-icon landscape\"><a role=\"link\" href=\"https:\/\/www.corumba.ms.gov.br\/?attachment_id=123035\"><img loading=\"lazy\" decoding=\"async\" class=\"attachment-large size-large\" src=\"https:\/\/www.corumba.ms.gov.br\/wp-content\/uploads\/2021\/12\/IMG_9966-copiar.jpg\" sizes=\"auto, (max-width: 1024px) 100vw, 1024px\" srcset=\"https:\/\/www.corumba.ms.gov.br\/wp-content\/uploads\/2021\/12\/IMG_9966-copiar.jpg 1024w, https:\/\/www.corumba.ms.gov.br\/wp-content\/uploads\/2021\/12\/IMG_9966-copiar-300x200.jpg 300w, https:\/\/www.corumba.ms.gov.br\/wp-content\/uploads\/2021\/12\/IMG_9966-copiar-768x512.jpg 768w\" alt=\"\" width=\"1024\" height=\"683\" aria-describedby=\"gallery-1-123035\" \/><\/a><\/div><figcaption id=\"gallery-1-123035\" class=\"wp-caption-text gallery-caption\">Fotos: Cl\u00f3vis Neto<\/figcaption><\/figure>\n<figure class=\"gallery-item\">\n<div class=\"gallery-icon landscape\"><a role=\"link\" href=\"https:\/\/www.corumba.ms.gov.br\/?attachment_id=123034\"><img loading=\"lazy\" decoding=\"async\" class=\"attachment-large size-large\" src=\"https:\/\/www.corumba.ms.gov.br\/wp-content\/uploads\/2021\/12\/IMG_9959-copiar.jpg\" sizes=\"auto, (max-width: 1024px) 100vw, 1024px\" srcset=\"https:\/\/www.corumba.ms.gov.br\/wp-content\/uploads\/2021\/12\/IMG_9959-copiar.jpg 1024w, https:\/\/www.corumba.ms.gov.br\/wp-content\/uploads\/2021\/12\/IMG_9959-copiar-300x200.jpg 300w, https:\/\/www.corumba.ms.gov.br\/wp-content\/uploads\/2021\/12\/IMG_9959-copiar-768x512.jpg 768w\" alt=\"\" width=\"1024\" height=\"683\" aria-describedby=\"gallery-1-123034\" \/><\/a><\/div><figcaption id=\"gallery-1-123034\" class=\"wp-caption-text gallery-caption\">Fotos: Cl\u00f3vis Neto<\/figcaption><\/figure>\n<figure class=\"gallery-item\">\n<div class=\"gallery-icon landscape\"><a role=\"link\" href=\"https:\/\/www.corumba.ms.gov.br\/?attachment_id=123027\"><img loading=\"lazy\" decoding=\"async\" class=\"attachment-large size-large\" src=\"https:\/\/www.corumba.ms.gov.br\/wp-content\/uploads\/2021\/12\/IMG_9864-copiar.jpg\" sizes=\"auto, (max-width: 1024px) 100vw, 1024px\" srcset=\"https:\/\/www.corumba.ms.gov.br\/wp-content\/uploads\/2021\/12\/IMG_9864-copiar.jpg 1024w, https:\/\/www.corumba.ms.gov.br\/wp-content\/uploads\/2021\/12\/IMG_9864-copiar-300x200.jpg 300w, https:\/\/www.corumba.ms.gov.br\/wp-content\/uploads\/2021\/12\/IMG_9864-copiar-768x512.jpg 768w\" alt=\"\" width=\"1024\" height=\"683\" aria-describedby=\"gallery-1-123027\" \/><\/a><\/div><figcaption id=\"gallery-1-123027\" class=\"wp-caption-text gallery-caption\">Fotos: Cl\u00f3vis Neto<\/figcaption><\/figure>\n<figure class=\"gallery-item\">\n<div class=\"gallery-icon landscape\"><a role=\"link\" href=\"https:\/\/www.corumba.ms.gov.br\/?attachment_id=123026\"><img loading=\"lazy\" decoding=\"async\" class=\"attachment-large size-large\" src=\"https:\/\/www.corumba.ms.gov.br\/wp-content\/uploads\/2021\/12\/IMG_0025-copiar.jpg\" sizes=\"auto, (max-width: 1024px) 100vw, 1024px\" srcset=\"https:\/\/www.corumba.ms.gov.br\/wp-content\/uploads\/2021\/12\/IMG_0025-copiar.jpg 1024w, https:\/\/www.corumba.ms.gov.br\/wp-content\/uploads\/2021\/12\/IMG_0025-copiar-300x200.jpg 300w, https:\/\/www.corumba.ms.gov.br\/wp-content\/uploads\/2021\/12\/IMG_0025-copiar-768x512.jpg 768w\" alt=\"\" width=\"1024\" height=\"683\" aria-describedby=\"gallery-1-123026\" \/><\/a><\/div><figcaption id=\"gallery-1-123026\" class=\"wp-caption-text gallery-caption\">Fotos: Cl\u00f3vis Neto<\/figcaption><\/figure>\n<figure class=\"gallery-item\">\n<div class=\"gallery-icon landscape\"><a role=\"link\" href=\"https:\/\/www.corumba.ms.gov.br\/?attachment_id=123024\"><img loading=\"lazy\" decoding=\"async\" class=\"attachment-large size-large\" src=\"https:\/\/www.corumba.ms.gov.br\/wp-content\/uploads\/2021\/12\/IMG_0005-copiar.jpg\" sizes=\"auto, (max-width: 1024px) 100vw, 1024px\" srcset=\"https:\/\/www.corumba.ms.gov.br\/wp-content\/uploads\/2021\/12\/IMG_0005-copiar.jpg 1024w, https:\/\/www.corumba.ms.gov.br\/wp-content\/uploads\/2021\/12\/IMG_0005-copiar-300x200.jpg 300w, https:\/\/www.corumba.ms.gov.br\/wp-content\/uploads\/2021\/12\/IMG_0005-copiar-768x512.jpg 768w\" alt=\"\" width=\"1024\" height=\"683\" aria-describedby=\"gallery-1-123024\" \/><\/a><\/div><figcaption id=\"gallery-1-123024\" class=\"wp-caption-text gallery-caption\">Fotos: Cl\u00f3vis Neto<\/figcaption><\/figure>\n<figure class=\"gallery-item\">\n<div class=\"gallery-icon landscape\"><a role=\"link\" href=\"https:\/\/www.corumba.ms.gov.br\/?attachment_id=123025\"><img loading=\"lazy\" decoding=\"async\" class=\"attachment-large size-large\" src=\"https:\/\/www.corumba.ms.gov.br\/wp-content\/uploads\/2021\/12\/IMG_0010-copiar.jpg\" sizes=\"auto, (max-width: 1024px) 100vw, 1024px\" srcset=\"https:\/\/www.corumba.ms.gov.br\/wp-content\/uploads\/2021\/12\/IMG_0010-copiar.jpg 1024w, https:\/\/www.corumba.ms.gov.br\/wp-content\/uploads\/2021\/12\/IMG_0010-copiar-300x200.jpg 300w, https:\/\/www.corumba.ms.gov.br\/wp-content\/uploads\/2021\/12\/IMG_0010-copiar-768x512.jpg 768w\" alt=\"\" width=\"1024\" height=\"683\" aria-describedby=\"gallery-1-123025\" \/><\/a><\/div><figcaption id=\"gallery-1-123025\" class=\"wp-caption-text gallery-caption\">Fotos: Cl\u00f3vis Neto<\/figcaption><\/figure>\n<\/div>\n","protected":false},"excerpt":{"rendered":"<p>O prefeito Marcelo Iunes entregou nesta segunda-feira, 27 de dezembro, a reforma da Unidade B\u00e1sica&#8230;<\/p>\n","protected":false},"author":70,"featured_media":11721003,"comment_status":"closed","ping_status":"closed","sticky":false,"template":"","format":"standard","meta":{"footnotes":""},"categories":[21],"tags":[],"class_list":["post-11721002","post","type-post","status-publish","format-standard","has-post-thumbnail","hentry","category-saude"],"_links":{"self":[{"href":"https:\/\/www.corumbaonline.com.br\/news\/wp-json\/wp\/v2\/posts\/11721002","targetHints":{"allow":["GET"]}}],"collection":[{"href":"https:\/\/www.corumbaonline.com.br\/news\/wp-json\/wp\/v2\/posts"}],"about":[{"href":"https:\/\/www.corumbaonline.com.br\/news\/wp-json\/wp\/v2\/types\/post"}],"author":[{"embeddable":true,"href":"https:\/\/www.corumbaonline.com.br\/news\/wp-json\/wp\/v2\/users\/70"}],"replies":[{"embeddable":true,"href":"https:\/\/www.corumbaonline.com.br\/news\/wp-json\/wp\/v2\/comments?post=11721002"}],"version-history":[{"count":1,"href":"https:\/\/www.corumbaonline.com.br\/news\/wp-json\/wp\/v2\/posts\/11721002\/revisions"}],"predecessor-version":[{"id":11721004,"href":"https:\/\/www.corumbaonline.com.br\/news\/wp-json\/wp\/v2\/posts\/11721002\/revisions\/11721004"}],"wp:featuredmedia":[{"embeddable":true,"href":"https:\/\/www.corumbaonline.com.br\/news\/wp-json\/wp\/v2\/media\/11721003"}],"wp:attachment":[{"href":"https:\/\/www.corumbaonline.com.br\/news\/wp-json\/wp\/v2\/media?parent=11721002"}],"wp:term":[{"taxonomy":"category","embeddable":true,"href":"https:\/\/www.corumbaonline.com.br\/news\/wp-json\/wp\/v2\/categories?post=11721002"},{"taxonomy":"post_tag","embeddable":true,"href":"https:\/\/www.corumbaonline.com.br\/news\/wp-json\/wp\/v2\/tags?post=11721002"}],"curies":[{"name":"wp","href":"https:\/\/api.w.org\/{rel}","templated":true}]}}