{"id":11721022,"date":"2021-12-27T15:15:00","date_gmt":"2021-12-27T19:15:00","guid":{"rendered":"http:\/\/www.corumbaonline.com.br\/news\/?p=11721022"},"modified":"2021-12-27T15:31:12","modified_gmt":"2021-12-27T19:31:12","slug":"com-recursos-proprios-prefeitura-vai-ampliar-macrodrenagem-em-trecho-da-area-central-de-corumba","status":"publish","type":"post","link":"https:\/\/www.corumbaonline.com.br\/news\/com-recursos-proprios-prefeitura-vai-ampliar-macrodrenagem-em-trecho-da-area-central-de-corumba\/","title":{"rendered":"Com recursos pr\u00f3prios, Prefeitura vai ampliar macrodrenagem em trecho da \u00e1rea central de Corumb\u00e1"},"content":{"rendered":"<p>A Prefeitura de Corumb\u00e1 abre, nos pr\u00f3ximos dias, processo licitat\u00f3rio para execu\u00e7\u00e3o de obras de macrodrenagem na \u00e1rea central da cidade. O servi\u00e7o vai ser executado com recursos pr\u00f3prios \u2013 provenientes da CFEM (Compensa\u00e7\u00e3o Financeira pela Explora\u00e7\u00e3o Mineral) \u2013 e vai contemplar uma regi\u00e3o afetada por alagamentos quando h\u00e1 um grande volume de chuva. O planejamento e estudos para o projeto foram realizados pela Secretaria Municipal de Projetos Estrat\u00e9gicos por determina\u00e7\u00e3o do prefeito Marcelo Iunes.<\/p>\n<p>\u201cAquela regi\u00e3o que fica no per\u00edmetro entre a rua Frei Mariano, Firmo de Matos, Joaquim Murtinho, Sete de Setembro, Quinze de Novembro. E mais abaixo na Firmos de Matos com a Dom Aquino, ao longo dos anos percebemos que, quando tem forte incid\u00eancia de chuvas, uma forte precipita\u00e7\u00e3o, ocorre alagamentos. Por orienta\u00e7\u00e3o do prefeito Marcelo Iunes a Secretaria Municipal de de Projeto Estrat\u00e9gico e a Secretaria de Infraestrutura realizaram estudos e finalizamos o projeto de amplia\u00e7\u00e3o da macrodrenagem\u201d, informou o secret\u00e1rio Ricardo Ametlla (Projetos Estrat\u00e9gicos).<\/p>\n<p>De acordo com o secret\u00e1rio com projeto pronto, o prefeito Marcelo Iunes viabilizou os recursos para a execu\u00e7\u00e3o dos servi\u00e7os. \u201cEsse projeto est\u00e1 or\u00e7ado em R$ 3,5 milh\u00f5es, valor viabilizado pelo prefeito. Em recursos pr\u00f3prios provenientes da CFEM. Por determina\u00e7\u00e3o do prefeito, Marcelo Iunes, vamos dar in\u00edcio aos procedimentos licitat\u00f3rios para contrata\u00e7\u00e3o de empresa para executar amplia\u00e7\u00e3o da macrodrenagem visando melhorar muito a situa\u00e7\u00e3o nessa\u00a0 regi\u00e3o\u201d, disse Ametlla.<\/p>\n<p>\u201cAs\u00a0 obras devem come\u00e7ar pela rua Luiz Feitosa, na altura do cemit\u00e9rio. Seguindo pela rua Am\u00e9rica, a\u00ed ela vai subir a rua Firme de Matos, chegando a aproximadamente at\u00e9 a rua Cabral e rua Colombo. Ali vamos ter outros dispositivos de drenagem que ir\u00e3o somar para melhorar esse escoamento da \u00e1gua das chuvas, de altas precipita\u00e7\u00f5es, da regi\u00e3o\u201d, explicou o secret\u00e1rio ressaltando que a obra \u00e9 grande e deve demorar mais de seis meses para sua conclus\u00e3o, ap\u00f3s seu in\u00edcio.<\/p>\n","protected":false},"excerpt":{"rendered":"<p>A Prefeitura de Corumb\u00e1 abre, nos pr\u00f3ximos dias, processo licitat\u00f3rio para execu\u00e7\u00e3o de obras de&#8230;<\/p>\n","protected":false},"author":70,"featured_media":11721023,"comment_status":"closed","ping_status":"closed","sticky":false,"template":"","format":"standard","meta":{"footnotes":""},"categories":[14],"tags":[],"class_list":["post-11721022","post","type-post","status-publish","format-standard","has-post-thumbnail","hentry","category-geral"],"_links":{"self":[{"href":"https:\/\/www.corumbaonline.com.br\/news\/wp-json\/wp\/v2\/posts\/11721022","targetHints":{"allow":["GET"]}}],"collection":[{"href":"https:\/\/www.corumbaonline.com.br\/news\/wp-json\/wp\/v2\/posts"}],"about":[{"href":"https:\/\/www.corumbaonline.com.br\/news\/wp-json\/wp\/v2\/types\/post"}],"author":[{"embeddable":true,"href":"https:\/\/www.corumbaonline.com.br\/news\/wp-json\/wp\/v2\/users\/70"}],"replies":[{"embeddable":true,"href":"https:\/\/www.corumbaonline.com.br\/news\/wp-json\/wp\/v2\/comments?post=11721022"}],"version-history":[{"count":1,"href":"https:\/\/www.corumbaonline.com.br\/news\/wp-json\/wp\/v2\/posts\/11721022\/revisions"}],"predecessor-version":[{"id":11721024,"href":"https:\/\/www.corumbaonline.com.br\/news\/wp-json\/wp\/v2\/posts\/11721022\/revisions\/11721024"}],"wp:featuredmedia":[{"embeddable":true,"href":"https:\/\/www.corumbaonline.com.br\/news\/wp-json\/wp\/v2\/media\/11721023"}],"wp:attachment":[{"href":"https:\/\/www.corumbaonline.com.br\/news\/wp-json\/wp\/v2\/media?parent=11721022"}],"wp:term":[{"taxonomy":"category","embeddable":true,"href":"https:\/\/www.corumbaonline.com.br\/news\/wp-json\/wp\/v2\/categories?post=11721022"},{"taxonomy":"post_tag","embeddable":true,"href":"https:\/\/www.corumbaonline.com.br\/news\/wp-json\/wp\/v2\/tags?post=11721022"}],"curies":[{"name":"wp","href":"https:\/\/api.w.org\/{rel}","templated":true}]}}