{"id":11721027,"date":"2021-12-28T08:13:52","date_gmt":"2021-12-28T12:13:52","guid":{"rendered":"http:\/\/www.corumbaonline.com.br\/news\/?p=11721027"},"modified":"2021-12-28T08:13:55","modified_gmt":"2021-12-28T12:13:55","slug":"ministerio-diz-que-vacinacao-de-criancas-deve-comecar-em-janeiro","status":"publish","type":"post","link":"https:\/\/www.corumbaonline.com.br\/news\/ministerio-diz-que-vacinacao-de-criancas-deve-comecar-em-janeiro\/","title":{"rendered":"Minist\u00e9rio diz que vacina\u00e7\u00e3o de crian\u00e7as deve come\u00e7ar em janeiro"},"content":{"rendered":"<p>O Minist\u00e9rio da Sa\u00fade informou hoje (27) que a vacina\u00e7\u00e3o de crian\u00e7as de 5 a 11 anos contra a covid-19 deve come\u00e7ar em janeiro de 2022. Em nota, a pasta declarou que a recomenda\u00e7\u00e3o \u00e9 para inclus\u00e3o da faixa et\u00e1ria no Plano Nacional de Imuniza\u00e7\u00e3o.\u00a0<img decoding=\"async\" src=\"https:\/\/agenciabrasil.ebc.com.br\/ebc.png?id=1434128&amp;o=node\" \/><img decoding=\"async\" src=\"https:\/\/agenciabrasil.ebc.com.br\/ebc.gif?id=1434128&amp;o=node\" \/><\/p>\n<p>Segundo o minist\u00e9rio, a posi\u00e7\u00e3o favor\u00e1vel \u00e0 vacina\u00e7\u00e3o poder\u00e1 ser formalizada no dia 5 de janeiro, ap\u00f3s o fim do prazo da consulta p\u00fablica aberta para tratar da quest\u00e3o, se a recomenda\u00e7\u00e3o for mantida.<\/p>\n<p>\u201cA recomenda\u00e7\u00e3o do Minist\u00e9rio da Sa\u00fade \u00e9 pela inclus\u00e3o das crian\u00e7as de 5 a 11 anos na Plano Nacional de Operacionaliza\u00e7\u00e3o da Vacina\u00e7\u00e3o contra a Covid-19 (PNO), conforme posicionamento oficial da pasta declarado em consulta p\u00fablica no dia 23 de dezembro e refor\u00e7ado pelo ministro da Sa\u00fade em manifesta\u00e7\u00f5es p\u00fablicas\u201d, diz a nota.<\/p>\n<p>No dia 16 de dezembro, a Ag\u00eancia Nacional de Vigil\u00e2ncia Sanit\u00e1ria (Anvisa)\u00a0<a href=\"https:\/\/agenciabrasil.ebc.com.br\/saude\/noticia\/2021-12\/anvisa-faz-recomendacoes-para-uso-de-vacina-da-pfizer-em-criancas\" target=\"_blank\" rel=\"noopener\">aprovou o uso da vacina\u00a0<\/a>produzida pelo cons\u00f3rcio Pfizer-BioNTech em crian\u00e7as com idade de 5 a 11 anos.<\/p>\n<p>Em seguida, partidos de oposi\u00e7\u00e3o recorreram ao Supremo Tribunal Federal (STF) para obrigar a inclus\u00e3o imediata da faixa et\u00e1ria no programa de imuniza\u00e7\u00e3o. Ao analisar a peti\u00e7\u00e3o, o ministro Ricardo Lewandowski determinou que o governo se manifeste at\u00e9 5 de janeiro sobre a a\u00e7\u00e3o.<\/p>\n<h2>M\u00e9dicos a favor da vacina\u00e7\u00e3o<\/h2>\n<p>Em nota, a Associa\u00e7\u00e3o M\u00e9dica Brasileira (AMB) defendeu a vacina\u00e7\u00e3o de crian\u00e7as. Segundo a entidade, a autoriza\u00e7\u00e3o da Anvisa segue os mesmos crit\u00e9rios de seguran\u00e7a e efic\u00e1cia para as demais faixas et\u00e1rias. Al\u00e9m disso, a medida reduz a transmiss\u00e3o do v\u00edrus.<\/p>\n<p>\u201cEnfatizamos que crian\u00e7as podem tamb\u00e9m serem acometidas pela S\u00edndrome Inflamat\u00f3ria Multissist\u00eamica associada ao SARS-Cov-2; desenvolverem sequelas e covid longa. Portanto, a vacina\u00e7\u00e3o \u00e9 essencial para reduzir\/evitar sofrimento, hospitaliza\u00e7\u00f5es e mortes\u201d, declarou a AMB.<\/p>\n","protected":false},"excerpt":{"rendered":"<p>O Minist\u00e9rio da Sa\u00fade informou hoje (27) que a vacina\u00e7\u00e3o de crian\u00e7as de 5 a&#8230;<\/p>\n","protected":false},"author":4,"featured_media":0,"comment_status":"closed","ping_status":"closed","sticky":false,"template":"","format":"standard","meta":{"footnotes":""},"categories":[116,21],"tags":[],"class_list":["post-11721027","post","type-post","status-publish","format-standard","hentry","category-coronavirus","category-saude"],"_links":{"self":[{"href":"https:\/\/www.corumbaonline.com.br\/news\/wp-json\/wp\/v2\/posts\/11721027","targetHints":{"allow":["GET"]}}],"collection":[{"href":"https:\/\/www.corumbaonline.com.br\/news\/wp-json\/wp\/v2\/posts"}],"about":[{"href":"https:\/\/www.corumbaonline.com.br\/news\/wp-json\/wp\/v2\/types\/post"}],"author":[{"embeddable":true,"href":"https:\/\/www.corumbaonline.com.br\/news\/wp-json\/wp\/v2\/users\/4"}],"replies":[{"embeddable":true,"href":"https:\/\/www.corumbaonline.com.br\/news\/wp-json\/wp\/v2\/comments?post=11721027"}],"version-history":[{"count":1,"href":"https:\/\/www.corumbaonline.com.br\/news\/wp-json\/wp\/v2\/posts\/11721027\/revisions"}],"predecessor-version":[{"id":11721028,"href":"https:\/\/www.corumbaonline.com.br\/news\/wp-json\/wp\/v2\/posts\/11721027\/revisions\/11721028"}],"wp:attachment":[{"href":"https:\/\/www.corumbaonline.com.br\/news\/wp-json\/wp\/v2\/media?parent=11721027"}],"wp:term":[{"taxonomy":"category","embeddable":true,"href":"https:\/\/www.corumbaonline.com.br\/news\/wp-json\/wp\/v2\/categories?post=11721027"},{"taxonomy":"post_tag","embeddable":true,"href":"https:\/\/www.corumbaonline.com.br\/news\/wp-json\/wp\/v2\/tags?post=11721027"}],"curies":[{"name":"wp","href":"https:\/\/api.w.org\/{rel}","templated":true}]}}