{"id":11721037,"date":"2021-12-31T08:30:00","date_gmt":"2021-12-31T12:30:00","guid":{"rendered":"http:\/\/www.corumbaonline.com.br\/news\/?p=11721037"},"modified":"2021-12-31T09:49:23","modified_gmt":"2021-12-31T13:49:23","slug":"prefeitura-prepara-prainha-do-porto-geral-para-receber-devotos-da-louvacao-a-iemanja","status":"publish","type":"post","link":"https:\/\/www.corumbaonline.com.br\/news\/prefeitura-prepara-prainha-do-porto-geral-para-receber-devotos-da-louvacao-a-iemanja\/","title":{"rendered":"Prefeitura prepara Prainha do Porto Geral para receber devotos da Louva\u00e7\u00e3o a Iemanja"},"content":{"rendered":"<p>A Prefeitura de Corumb\u00e1 est\u00e1 preparando a Prainha do Porto Geral para a tradicional cerim\u00f4nia de Louva\u00e7\u00e3o a Iemanj\u00e1. A atividade, que \u00e9 promovida por religiosos de matriz africanas, acontece nas noites de quinta e sexta-feira, dias 30 e 31 de dezembro. \u00a0Al\u00e9m da limpeza da \u00e1rea, a ilumina\u00e7\u00e3o do local ser\u00e1 ampliada e banheiros qu\u00edmicos instalados para oferecer mais conforto e seguran\u00e7a aos fi\u00e9is.<\/p>\n<p>\u201cEssa \u00e9 uma festa que acontece h\u00e1 mais de cem anos em nossa cidade, por isso oferecemos o suporte para que os fi\u00e9is possam manifestar sua f\u00e9 com toda tranquilidade\u201d, afirmou o diretor-presidente da Funda\u00e7\u00e3o da Cultura e do Patrim\u00f4nio Hist\u00f3rico de Corumb\u00e1, Joilson Cruz. Uma imagem de Iemanj\u00e1, confeccionada pelo artista corumbaense Deniart, ser\u00e1 instalada no local reservado \u00e0s oferendas.<\/p>\n<p>\u201cQuanto \u00e0 quest\u00e3o da biosseguran\u00e7a, o pr\u00f3prio presidente da Associa\u00e7\u00e3o, Pai Clemilson Medina, juntamente com outros l\u00edderes religiosos, est\u00e3o recomendando aos fi\u00e9is que todas as medidas de seguran\u00e7a cab\u00edveis neste momento sejam seguidas\u201d, completou o diretor-presidente da Funda\u00e7\u00e3o da Cultura e do Patrim\u00f4nio Hist\u00f3rico de Corumb\u00e1.<\/p>\n<p><strong>Iemanj\u00e1<\/strong><\/p>\n<p>Confeccionada \u00e0 base de isopor, a imagem sozinha de Iemanj\u00e1 ter\u00e1 5,30 metros com o andor atingir\u00e1 pouco mais de 7 metros. Na mitologia yorub\u00e1 (ioruba), Iemanj\u00e1, cujo nome tem significado de m\u00e3e dos filhos-peixe, \u00e9 filha de Olokun, soberano dos mares, que deu a ela, quando crian\u00e7a, uma po\u00e7\u00e3o que a ajudasse a fugir de todos os perigos.<\/p>\n<p>A deusa cresceu e se casou com Odudu\u00e1, com quem teve 10 filhos orix\u00e1s (por isso seu nome significa tamb\u00e9m m\u00e3e de todos orix\u00e1s). \u00c9 considerado o orix\u00e1 mais popular do Brasil. Em 02 de fevereiro \u00e9 celebrado o dia de Iemanj\u00e1. Al\u00e9m desta data, devotos realizam celebra\u00e7\u00f5es tamb\u00e9m em 15 de agosto e 31 de dezembro, por conta da virada de ano e as simpatias das 7 ondas.<\/p>\n<p>A influ\u00eancia da Rainha do Mar no Brasil come\u00e7ou com a chegada dos africanos ao pa\u00eds. Iemanj\u00e1 \u00e9 um orix\u00e1 da religi\u00e3o do povo Egba, nativos da cidade de Abeokuta, na Nig\u00e9ria. Com informa\u00e7\u00f5es do blog Astrocentro.<\/p>\n<div id=\"gallery-1\" class=\"gallery galleryid-123072 gallery-columns-3 gallery-size-large\">\n<figure class=\"gallery-item\">\n<div class=\"gallery-icon landscape\"><a role=\"link\" href=\"https:\/\/www.corumba.ms.gov.br\/?attachment_id=123087\"><img loading=\"lazy\" decoding=\"async\" class=\"attachment-large size-large\" src=\"https:\/\/www.corumba.ms.gov.br\/wp-content\/uploads\/2021\/12\/IMG_0087-copiar.jpg\" sizes=\"auto, (max-width: 1024px) 100vw, 1024px\" srcset=\"https:\/\/www.corumba.ms.gov.br\/wp-content\/uploads\/2021\/12\/IMG_0087-copiar.jpg 1024w, https:\/\/www.corumba.ms.gov.br\/wp-content\/uploads\/2021\/12\/IMG_0087-copiar-300x200.jpg 300w, https:\/\/www.corumba.ms.gov.br\/wp-content\/uploads\/2021\/12\/IMG_0087-copiar-768x512.jpg 768w\" alt=\"\" width=\"1024\" height=\"683\" aria-describedby=\"gallery-1-123087\" \/><\/a><\/div><figcaption id=\"gallery-1-123087\" class=\"wp-caption-text gallery-caption\">Fotos: Cl\u00f3vis Neto<\/figcaption><\/figure>\n<figure class=\"gallery-item\">\n<div class=\"gallery-icon landscape\"><a role=\"link\" href=\"https:\/\/www.corumba.ms.gov.br\/?attachment_id=123086\"><img loading=\"lazy\" decoding=\"async\" class=\"attachment-large size-large\" src=\"https:\/\/www.corumba.ms.gov.br\/wp-content\/uploads\/2021\/12\/IMG_0076-copiar.jpg\" sizes=\"auto, (max-width: 1024px) 100vw, 1024px\" srcset=\"https:\/\/www.corumba.ms.gov.br\/wp-content\/uploads\/2021\/12\/IMG_0076-copiar.jpg 1024w, https:\/\/www.corumba.ms.gov.br\/wp-content\/uploads\/2021\/12\/IMG_0076-copiar-300x200.jpg 300w, https:\/\/www.corumba.ms.gov.br\/wp-content\/uploads\/2021\/12\/IMG_0076-copiar-768x512.jpg 768w\" alt=\"\" width=\"1024\" height=\"683\" aria-describedby=\"gallery-1-123086\" \/><\/a><\/div><figcaption id=\"gallery-1-123086\" class=\"wp-caption-text gallery-caption\">Fotos: Cl\u00f3vis Neto<\/figcaption><\/figure>\n<figure class=\"gallery-item\">\n<div class=\"gallery-icon landscape\"><a role=\"link\" href=\"https:\/\/www.corumba.ms.gov.br\/?attachment_id=123084\"><img loading=\"lazy\" decoding=\"async\" class=\"attachment-large size-large\" src=\"https:\/\/www.corumba.ms.gov.br\/wp-content\/uploads\/2021\/12\/IMG_0070-copiar.jpg\" sizes=\"auto, (max-width: 1024px) 100vw, 1024px\" srcset=\"https:\/\/www.corumba.ms.gov.br\/wp-content\/uploads\/2021\/12\/IMG_0070-copiar.jpg 1024w, https:\/\/www.corumba.ms.gov.br\/wp-content\/uploads\/2021\/12\/IMG_0070-copiar-300x200.jpg 300w, https:\/\/www.corumba.ms.gov.br\/wp-content\/uploads\/2021\/12\/IMG_0070-copiar-768x512.jpg 768w\" alt=\"\" width=\"1024\" height=\"683\" aria-describedby=\"gallery-1-123084\" \/><\/a><\/div><figcaption id=\"gallery-1-123084\" class=\"wp-caption-text gallery-caption\">Fotos: Cl\u00f3vis Neto<\/figcaption><\/figure>\n<\/div>\n","protected":false},"excerpt":{"rendered":"<p>A Prefeitura de Corumb\u00e1 est\u00e1 preparando a Prainha do Porto Geral para a tradicional cerim\u00f4nia&#8230;<\/p>\n","protected":false},"author":70,"featured_media":11721038,"comment_status":"closed","ping_status":"closed","sticky":false,"template":"","format":"standard","meta":{"footnotes":""},"categories":[7],"tags":[],"class_list":["post-11721037","post","type-post","status-publish","format-standard","has-post-thumbnail","hentry","category-cultura"],"_links":{"self":[{"href":"https:\/\/www.corumbaonline.com.br\/news\/wp-json\/wp\/v2\/posts\/11721037","targetHints":{"allow":["GET"]}}],"collection":[{"href":"https:\/\/www.corumbaonline.com.br\/news\/wp-json\/wp\/v2\/posts"}],"about":[{"href":"https:\/\/www.corumbaonline.com.br\/news\/wp-json\/wp\/v2\/types\/post"}],"author":[{"embeddable":true,"href":"https:\/\/www.corumbaonline.com.br\/news\/wp-json\/wp\/v2\/users\/70"}],"replies":[{"embeddable":true,"href":"https:\/\/www.corumbaonline.com.br\/news\/wp-json\/wp\/v2\/comments?post=11721037"}],"version-history":[{"count":2,"href":"https:\/\/www.corumbaonline.com.br\/news\/wp-json\/wp\/v2\/posts\/11721037\/revisions"}],"predecessor-version":[{"id":11721044,"href":"https:\/\/www.corumbaonline.com.br\/news\/wp-json\/wp\/v2\/posts\/11721037\/revisions\/11721044"}],"wp:featuredmedia":[{"embeddable":true,"href":"https:\/\/www.corumbaonline.com.br\/news\/wp-json\/wp\/v2\/media\/11721038"}],"wp:attachment":[{"href":"https:\/\/www.corumbaonline.com.br\/news\/wp-json\/wp\/v2\/media?parent=11721037"}],"wp:term":[{"taxonomy":"category","embeddable":true,"href":"https:\/\/www.corumbaonline.com.br\/news\/wp-json\/wp\/v2\/categories?post=11721037"},{"taxonomy":"post_tag","embeddable":true,"href":"https:\/\/www.corumbaonline.com.br\/news\/wp-json\/wp\/v2\/tags?post=11721037"}],"curies":[{"name":"wp","href":"https:\/\/api.w.org\/{rel}","templated":true}]}}