{"id":11721040,"date":"2021-12-31T08:42:00","date_gmt":"2021-12-31T12:42:00","guid":{"rendered":"http:\/\/www.corumbaonline.com.br\/news\/?p=11721040"},"modified":"2021-12-31T09:42:27","modified_gmt":"2021-12-31T13:42:27","slug":"belay-bezabh-repete-2018-e-e-bicampeao-da-sao-silvestre","status":"publish","type":"post","link":"https:\/\/www.corumbaonline.com.br\/news\/belay-bezabh-repete-2018-e-e-bicampeao-da-sao-silvestre\/","title":{"rendered":"Belay Bezabh repete 2018 e \u00e9 bicampe\u00e3o da S\u00e3o Silvestre"},"content":{"rendered":"<p>Belay Bezabh manteve a hegemonia africana na Corrida Internacional de S\u00e3o Silvestre. Nesta sexta-feira, o et\u00edope adotou um ritmo bastante intenso para deixar para tr\u00e1s todos os seus concorrentes e se sagrar bicampe\u00e3o da maior prova de rua da Am\u00e9rica Latina, repetindo o roteiro de 2018, quando venceu pela primeira vez.<\/p>\n<p>Belay Bezabh dividiu os \u00faltimos metros da prova com Daniel Ferreira. O brasileiro esteve lado a lado com o et\u00edope at\u00e9 a Av. Brigadeiro Luis Ant\u00f4nio, quando acabou perdendo g\u00e1s e vendo as chances de colocar seu pa\u00eds no lugar mais alto do p\u00f3dio ir por \u00e1gua abaixo. Todavia, o atleta conseguiu cruzar a linha de chegada na segunda coloca\u00e7\u00e3o.<\/p>\n<p class=\"text\">O bom desempenho de Daniel Ferreira na 96\u00aa edi\u00e7\u00e3o da Corrida Internacional de S\u00e3o Silvestre tem influ\u00eancia da prepara\u00e7\u00e3o que o atleta fez no Qu\u00eania. No pa\u00eds africano, o brasileiro treinou com os melhores fundistas do mundo e p\u00f4de adquirir um pouco da experi\u00eancia e t\u00e9cnica dos principais corredores do mundo.<\/p>\n<p class=\"text\">Logo nos primeiros quil\u00f4metros, Daniel assumiu a frente do pelot\u00e3o e manteve um ritmo intenso desde o fim da Av. Paulista at\u00e9 a Av. Pacaembu. Mas, diferentemente da prova feminina, na masculina os corredores competiram de forma mais agrupada, sem deixar seus rivais abrirem uma dist\u00e2ncia consider\u00e1vel.<\/p>\n<p class=\"text\">Daniel e Belay Bezabh s\u00f3 conseguiram se distanciar do restante do pelot\u00e3o na segunda metade da prova. A partir da\u00ed, a disputa se concentrou entre o brasileiro e o et\u00edope, mas, nos metros finais, prevaleceu a for\u00e7a do estrangeiro.<\/p>\n","protected":false},"excerpt":{"rendered":"<p>Belay Bezabh manteve a hegemonia africana na Corrida Internacional de S\u00e3o Silvestre. Nesta sexta-feira, o&#8230;<\/p>\n","protected":false},"author":11,"featured_media":11721041,"comment_status":"closed","ping_status":"closed","sticky":false,"template":"","format":"standard","meta":{"footnotes":""},"categories":[11],"tags":[],"class_list":["post-11721040","post","type-post","status-publish","format-standard","has-post-thumbnail","hentry","category-esporte"],"_links":{"self":[{"href":"https:\/\/www.corumbaonline.com.br\/news\/wp-json\/wp\/v2\/posts\/11721040","targetHints":{"allow":["GET"]}}],"collection":[{"href":"https:\/\/www.corumbaonline.com.br\/news\/wp-json\/wp\/v2\/posts"}],"about":[{"href":"https:\/\/www.corumbaonline.com.br\/news\/wp-json\/wp\/v2\/types\/post"}],"author":[{"embeddable":true,"href":"https:\/\/www.corumbaonline.com.br\/news\/wp-json\/wp\/v2\/users\/11"}],"replies":[{"embeddable":true,"href":"https:\/\/www.corumbaonline.com.br\/news\/wp-json\/wp\/v2\/comments?post=11721040"}],"version-history":[{"count":1,"href":"https:\/\/www.corumbaonline.com.br\/news\/wp-json\/wp\/v2\/posts\/11721040\/revisions"}],"predecessor-version":[{"id":11721042,"href":"https:\/\/www.corumbaonline.com.br\/news\/wp-json\/wp\/v2\/posts\/11721040\/revisions\/11721042"}],"wp:featuredmedia":[{"embeddable":true,"href":"https:\/\/www.corumbaonline.com.br\/news\/wp-json\/wp\/v2\/media\/11721041"}],"wp:attachment":[{"href":"https:\/\/www.corumbaonline.com.br\/news\/wp-json\/wp\/v2\/media?parent=11721040"}],"wp:term":[{"taxonomy":"category","embeddable":true,"href":"https:\/\/www.corumbaonline.com.br\/news\/wp-json\/wp\/v2\/categories?post=11721040"},{"taxonomy":"post_tag","embeddable":true,"href":"https:\/\/www.corumbaonline.com.br\/news\/wp-json\/wp\/v2\/tags?post=11721040"}],"curies":[{"name":"wp","href":"https:\/\/api.w.org\/{rel}","templated":true}]}}