{"id":11721107,"date":"2022-01-03T10:40:00","date_gmt":"2022-01-03T14:40:00","guid":{"rendered":"http:\/\/www.corumbaonline.com.br\/news\/?p=11721107"},"modified":"2022-01-03T12:20:00","modified_gmt":"2022-01-03T16:20:00","slug":"2022-comeca-com-248-novos-casos-de-covid-em-mato-grosso-do-sul","status":"publish","type":"post","link":"https:\/\/www.corumbaonline.com.br\/news\/2022-comeca-com-248-novos-casos-de-covid-em-mato-grosso-do-sul\/","title":{"rendered":"2022 come\u00e7a com 248 novos casos de Covid em Mato Grosso do Sul"},"content":{"rendered":"<p>O primeiro boletim epidemiol\u00f3gico Covid de 2022 registra 248 novos casos de Covid em Mato Grosso do Sul. De acordo com a Secretaria de Estado de Sa\u00fade (SES) no primeiro dia do ano foram 110 novos casos, e nesta segunda-feira (03) mais 138 confirma\u00e7\u00f5es.<\/p>\n<p>O ano tamb\u00e9m come\u00e7a com registro de tr\u00eas \u00f3bitos, sendo dois deles ocorridos em 2022, um no dia 1\u00b0 no munic\u00edpio de Corumb\u00e1, e outro no dia 2 de janeiro em Aral Moreira. O outro registro \u00e9 de uma paciente que residia em Campo Grande que faleceu no dia 31 de dezembro.<\/p>\n<p><img loading=\"lazy\" decoding=\"async\" class=\"wp-image-385461 size-full aligncenter\" src=\"http:\/\/www.ms.gov.br\/wp-content\/uploads\/sites\/150\/2022\/01\/cen%C3%A1rio-ms.png\" sizes=\"auto, (max-width: 642px) 100vw, 642px\" srcset=\"http:\/\/www.ms.gov.br\/wp-content\/uploads\/sites\/150\/2022\/01\/cen\u00e1rio-ms.png 642w, http:\/\/www.ms.gov.br\/wp-content\/uploads\/sites\/150\/2022\/01\/cen\u00e1rio-ms-300x227.png 300w, http:\/\/www.ms.gov.br\/wp-content\/uploads\/sites\/150\/2022\/01\/cen\u00e1rio-ms-317x240.png 317w\" alt=\"\" width=\"642\" height=\"486\" \/><\/p>\n<p>Dos 1.110 casos ativos no Estado, 46 s\u00e3o pacientes internados em leitos cl\u00ednicos (27) e de UTI (19). A taxa de ocupa\u00e7\u00e3o global de leitos UTI SUS por macrorregi\u00e3o \u00e9 de 82% em Corumb\u00e1, 60% em Dourados, 46% em Campo Grande e 40% em Tr\u00eas Lagoas, sendo a grande maioria casos n\u00e3o Covid.<\/p>\n<p>Existem 24 amostras em an\u00e1lise no Lacen e laborat\u00f3rios parceiros e 323 casos sem encerramento pelos munic\u00edpios.\u00a0Confira\u00a0<strong><a href=\"http:\/\/www.ms.gov.br\/wp-content\/uploads\/sites\/150\/2022\/01\/Boletim-Epidemiol%C3%B3gico-COVID-19-2022.01.03.pdf\">aqui<\/a><\/strong>\u00a0o detalhamento do boletim epidemiol\u00f3gico Covid desta segunda-feira, 3 de janeiro de 2022.<\/p>\n<p>Na pr\u00f3xima quarta-feira (05) \u00e0s 10h30, a Secretaria de Estado de Sa\u00fade far\u00e1 a\u00a0 primeira transmiss\u00e3o ao vivo do ano pelas redes sociais do Governo do Estado.<\/p>\n","protected":false},"excerpt":{"rendered":"<p>O primeiro boletim epidemiol\u00f3gico Covid de 2022 registra 248 novos casos de Covid em Mato&#8230;<\/p>\n","protected":false},"author":13,"featured_media":11721108,"comment_status":"closed","ping_status":"closed","sticky":false,"template":"","format":"standard","meta":{"footnotes":""},"categories":[116,8,21],"tags":[],"class_list":["post-11721107","post","type-post","status-publish","format-standard","has-post-thumbnail","hentry","category-coronavirus","category-destaque","category-saude"],"_links":{"self":[{"href":"https:\/\/www.corumbaonline.com.br\/news\/wp-json\/wp\/v2\/posts\/11721107","targetHints":{"allow":["GET"]}}],"collection":[{"href":"https:\/\/www.corumbaonline.com.br\/news\/wp-json\/wp\/v2\/posts"}],"about":[{"href":"https:\/\/www.corumbaonline.com.br\/news\/wp-json\/wp\/v2\/types\/post"}],"author":[{"embeddable":true,"href":"https:\/\/www.corumbaonline.com.br\/news\/wp-json\/wp\/v2\/users\/13"}],"replies":[{"embeddable":true,"href":"https:\/\/www.corumbaonline.com.br\/news\/wp-json\/wp\/v2\/comments?post=11721107"}],"version-history":[{"count":1,"href":"https:\/\/www.corumbaonline.com.br\/news\/wp-json\/wp\/v2\/posts\/11721107\/revisions"}],"predecessor-version":[{"id":11721109,"href":"https:\/\/www.corumbaonline.com.br\/news\/wp-json\/wp\/v2\/posts\/11721107\/revisions\/11721109"}],"wp:featuredmedia":[{"embeddable":true,"href":"https:\/\/www.corumbaonline.com.br\/news\/wp-json\/wp\/v2\/media\/11721108"}],"wp:attachment":[{"href":"https:\/\/www.corumbaonline.com.br\/news\/wp-json\/wp\/v2\/media?parent=11721107"}],"wp:term":[{"taxonomy":"category","embeddable":true,"href":"https:\/\/www.corumbaonline.com.br\/news\/wp-json\/wp\/v2\/categories?post=11721107"},{"taxonomy":"post_tag","embeddable":true,"href":"https:\/\/www.corumbaonline.com.br\/news\/wp-json\/wp\/v2\/tags?post=11721107"}],"curies":[{"name":"wp","href":"https:\/\/api.w.org\/{rel}","templated":true}]}}