{"id":11721171,"date":"2022-01-05T12:20:00","date_gmt":"2022-01-05T16:20:00","guid":{"rendered":"http:\/\/www.corumbaonline.com.br\/news\/?p=11721171"},"modified":"2022-01-05T12:53:03","modified_gmt":"2022-01-05T16:53:03","slug":"com-o-aumento-de-casos-de-covid-19-saude-reforca-a-importancia-da-populacao-completar-o-ciclo-vacinal","status":"publish","type":"post","link":"https:\/\/www.corumbaonline.com.br\/news\/com-o-aumento-de-casos-de-covid-19-saude-reforca-a-importancia-da-populacao-completar-o-ciclo-vacinal\/","title":{"rendered":"Com o aumento de casos de Covid-19, Sa\u00fade refor\u00e7a a import\u00e2ncia da popula\u00e7\u00e3o completar o ciclo vacinal"},"content":{"rendered":"<p>Nas \u00faltimas semanas o Brasil e o Mato Grosso do Sul registraram um aumento dos casos de Covid-19. Em dezembro Corumb\u00e1 registrou 342 novos casos, em novembro 194, j\u00e1 outubro foi o m\u00eas com menos registro do ano com 43 casos.<\/p>\n<p>A situa\u00e7\u00e3o se deve a vacina\u00e7\u00e3o, como explica o Secret\u00e1rio de Sa\u00fade Rog\u00e9rio Leite, \u201cap\u00f3s a vacina\u00e7\u00e3o a circula\u00e7\u00e3o do v\u00edrus diminuiu, mas j\u00e1 e comprovado que h\u00e1 uma queda da imunidade ap\u00f3s certo tempo, por isso \u00e9 fundamental que todos compare\u00e7am para tomar as demais doses, a segunda e a terceira\u201d.<\/p>\n<p>\u201cJ\u00e1 est\u00e1 mais que comprovado cientificamente a efic\u00e1cia da vacina. Os casos com maior gravidade diminu\u00edram, os casos graves que requer interna\u00e7\u00e3o s\u00e3o de pessoas que est\u00e3o com esquema incompletos ou n\u00e3o vacinados\u201d, complementa Rog\u00e9rio<\/p>\n<p>Nas \u00faltimas semanas de dezembro, o Pronto Socorro e a Upa superaram os n\u00fameros di\u00e1rios de atendimento, realizando mais de 3.500 atendimentos por semana. As principais queixas s\u00e3o devidos a s\u00edndromes gripais.<\/p>\n<p>Corumb\u00e1 registrou 4 casos de Flurona, infec\u00e7\u00e3o dupla de Influenza e Corona, sendo 3 crian\u00e7as e um adulto. Nenhum dos pacientes tomaram a vacina contra a Influenza, e a pessoa adulta tomou apenas 1 dose da vacina contra a Covid-19.<\/p>\n<p>Cerca de 37.650 pessoas n\u00e3o compareceram para tomar a segunda dose da vacina contra a Covid-19.<\/p>\n<p>O chefe do Executivo Municipal, Marcelo Iunes refor\u00e7a a necessidade da popula\u00e7\u00e3o completar o ciclo vacinal \u201cn\u00e3o podemos voltar ao cen\u00e1rio anterior. Para a manuten\u00e7\u00e3o dos servi\u00e7os e da economia \u00e9 fundamental que a popula\u00e7\u00e3o fa\u00e7a a sua parte e compare\u00e7a aos pontos de vacina\u00e7\u00e3o para receber o refor\u00e7o. A vacina est\u00e1 dispon\u00edvel todos os dias, inclusive aos finais de semana e feriado\u201d.<\/p>\n<p><b>Confira os pontos de vacina\u00e7\u00e3o<\/b><\/p>\n<p>De segunda \u00e0 sexta<\/p>\n<p>Centro de Sa\u00fade da Ladeira \u2013 (Das 7h30 \u00e0s 18h)<\/p>\n<p>Unidades de Sa\u00fade (Das 7h30 \u00e0s 10h30 e das 13h30 as 16h)<\/p>\n<p>USBF Humberto Pereira<\/p>\n<p>UBSF Popular Velha<\/p>\n<p>USBF Padre Ernesto Sassida<\/p>\n<p>UBSF Gast\u00e3o de Oliveira<\/p>\n<p>UBSF L\u00facia Maria<\/p>\n<p>UBSF Ranulfo de Jesus<\/p>\n<p>UBSF Walter Vict\u00f3rio<\/p>\n<p>UBSF Ang\u00e9lica Anache<\/p>\n<p>S\u00e1bado e Domingo (Das 8h \u00e0s 12h)<\/p>\n<p>Centro de Sa\u00fade da Ladeira<\/p>\n","protected":false},"excerpt":{"rendered":"<p>Nas \u00faltimas semanas o Brasil e o Mato Grosso do Sul registraram um aumento dos&#8230;<\/p>\n","protected":false},"author":70,"featured_media":11721172,"comment_status":"closed","ping_status":"closed","sticky":false,"template":"","format":"standard","meta":{"footnotes":""},"categories":[116,8,21],"tags":[],"class_list":["post-11721171","post","type-post","status-publish","format-standard","has-post-thumbnail","hentry","category-coronavirus","category-destaque","category-saude"],"_links":{"self":[{"href":"https:\/\/www.corumbaonline.com.br\/news\/wp-json\/wp\/v2\/posts\/11721171","targetHints":{"allow":["GET"]}}],"collection":[{"href":"https:\/\/www.corumbaonline.com.br\/news\/wp-json\/wp\/v2\/posts"}],"about":[{"href":"https:\/\/www.corumbaonline.com.br\/news\/wp-json\/wp\/v2\/types\/post"}],"author":[{"embeddable":true,"href":"https:\/\/www.corumbaonline.com.br\/news\/wp-json\/wp\/v2\/users\/70"}],"replies":[{"embeddable":true,"href":"https:\/\/www.corumbaonline.com.br\/news\/wp-json\/wp\/v2\/comments?post=11721171"}],"version-history":[{"count":1,"href":"https:\/\/www.corumbaonline.com.br\/news\/wp-json\/wp\/v2\/posts\/11721171\/revisions"}],"predecessor-version":[{"id":11721173,"href":"https:\/\/www.corumbaonline.com.br\/news\/wp-json\/wp\/v2\/posts\/11721171\/revisions\/11721173"}],"wp:featuredmedia":[{"embeddable":true,"href":"https:\/\/www.corumbaonline.com.br\/news\/wp-json\/wp\/v2\/media\/11721172"}],"wp:attachment":[{"href":"https:\/\/www.corumbaonline.com.br\/news\/wp-json\/wp\/v2\/media?parent=11721171"}],"wp:term":[{"taxonomy":"category","embeddable":true,"href":"https:\/\/www.corumbaonline.com.br\/news\/wp-json\/wp\/v2\/categories?post=11721171"},{"taxonomy":"post_tag","embeddable":true,"href":"https:\/\/www.corumbaonline.com.br\/news\/wp-json\/wp\/v2\/tags?post=11721171"}],"curies":[{"name":"wp","href":"https:\/\/api.w.org\/{rel}","templated":true}]}}