{"id":11721180,"date":"2022-01-05T17:10:00","date_gmt":"2022-01-05T21:10:00","guid":{"rendered":"http:\/\/www.corumbaonline.com.br\/news\/?p=11721180"},"modified":"2022-01-05T17:47:39","modified_gmt":"2022-01-05T21:47:39","slug":"governo-federal-divulga-regras-para-vacinacao-de-criancas","status":"publish","type":"post","link":"https:\/\/www.corumbaonline.com.br\/news\/governo-federal-divulga-regras-para-vacinacao-de-criancas\/","title":{"rendered":"Governo federal divulga regras para vacina\u00e7\u00e3o de crian\u00e7as"},"content":{"rendered":"<p class=\"text\">A vacina\u00e7\u00e3o de crian\u00e7as de 5 a 11 anos contra Covid-19 come\u00e7ar\u00e1 este m\u00eas, por faixa et\u00e1ria decrescente e com prioridade para quem possui comorbidade ou defici\u00eancias permanentes, disse o Minist\u00e9rio da Sa\u00fade em comunicado, acrescentando que a imuniza\u00e7\u00e3o poder\u00e1 ocorrer sem prescri\u00e7\u00e3o m\u00e9dica por escrito se os respons\u00e1veis estiverem presentes no ato.<\/p>\n<p class=\"text\">A decis\u00e3o da pasta foi anunciada na tarde desta quarta-feira em entrevista coletiva comandada pelo ministro da Sa\u00fade, Marcelo Queiroga, e outras autoridades da pasta.<\/p>\n<p class=\"text\">O minist\u00e9rio desistiu de exigir a prescri\u00e7\u00e3o m\u00e9dica, em um recuo em rela\u00e7\u00e3o ao que autoridades do governo vinham indicando nos \u00faltimos dias. O presidente Jair Bolsonaro chegou a se manifestar publicamente contr\u00e1rio \u00e0 vacina\u00e7\u00e3o das crian\u00e7as.<\/p>\n<p class=\"text\">Em comunicado, a pasta informou que o Brasil deve receber 3,7 milh\u00f5es de doses de vacina pedi\u00e1trica da Pfizer contra Covid-19 at\u00e9 fim de janeiro, e que j\u00e1 encomendou ao todo 20 milh\u00f5es de doses.<\/p>\n","protected":false},"excerpt":{"rendered":"<p>A vacina\u00e7\u00e3o de crian\u00e7as de 5 a 11 anos contra Covid-19 come\u00e7ar\u00e1 este m\u00eas, por&#8230;<\/p>\n","protected":false},"author":11,"featured_media":0,"comment_status":"closed","ping_status":"closed","sticky":false,"template":"","format":"standard","meta":{"footnotes":""},"categories":[116,21],"tags":[],"class_list":["post-11721180","post","type-post","status-publish","format-standard","hentry","category-coronavirus","category-saude"],"_links":{"self":[{"href":"https:\/\/www.corumbaonline.com.br\/news\/wp-json\/wp\/v2\/posts\/11721180","targetHints":{"allow":["GET"]}}],"collection":[{"href":"https:\/\/www.corumbaonline.com.br\/news\/wp-json\/wp\/v2\/posts"}],"about":[{"href":"https:\/\/www.corumbaonline.com.br\/news\/wp-json\/wp\/v2\/types\/post"}],"author":[{"embeddable":true,"href":"https:\/\/www.corumbaonline.com.br\/news\/wp-json\/wp\/v2\/users\/11"}],"replies":[{"embeddable":true,"href":"https:\/\/www.corumbaonline.com.br\/news\/wp-json\/wp\/v2\/comments?post=11721180"}],"version-history":[{"count":1,"href":"https:\/\/www.corumbaonline.com.br\/news\/wp-json\/wp\/v2\/posts\/11721180\/revisions"}],"predecessor-version":[{"id":11721181,"href":"https:\/\/www.corumbaonline.com.br\/news\/wp-json\/wp\/v2\/posts\/11721180\/revisions\/11721181"}],"wp:attachment":[{"href":"https:\/\/www.corumbaonline.com.br\/news\/wp-json\/wp\/v2\/media?parent=11721180"}],"wp:term":[{"taxonomy":"category","embeddable":true,"href":"https:\/\/www.corumbaonline.com.br\/news\/wp-json\/wp\/v2\/categories?post=11721180"},{"taxonomy":"post_tag","embeddable":true,"href":"https:\/\/www.corumbaonline.com.br\/news\/wp-json\/wp\/v2\/tags?post=11721180"}],"curies":[{"name":"wp","href":"https:\/\/api.w.org\/{rel}","templated":true}]}}