{"id":11721192,"date":"2022-01-06T08:33:00","date_gmt":"2022-01-06T12:33:00","guid":{"rendered":"http:\/\/www.corumbaonline.com.br\/news\/?p=11721192"},"modified":"2022-01-06T09:50:05","modified_gmt":"2022-01-06T13:50:05","slug":"rio-vive-uma-explosao-de-casos-de-covid-e-tem-aumento-de-6-778-em-20-dias","status":"publish","type":"post","link":"https:\/\/www.corumbaonline.com.br\/news\/rio-vive-uma-explosao-de-casos-de-covid-e-tem-aumento-de-6-778-em-20-dias\/","title":{"rendered":"Rio vive uma explos\u00e3o de casos de Covid e tem aumento de 6.778% em 20 dias"},"content":{"rendered":"<p>A cidade do Rio vive nesses primeiros dias do ano uma explos\u00e3o de casos de Covid-19. Desde segunda-feira, o cen\u00e1rio \u00e9 de\u00a0<a href=\"https:\/\/oglobo.globo.com\/rio\/aumenta-corrida-por-testes-de-influenza-covid-na-rede-publica-privada-25340381\" target=\"_blank\" rel=\"noopener\">longas filas de pessoas com sintomas da doen\u00e7a<\/a>\u00a0diante postos de sa\u00fade, farm\u00e1cias e laborat\u00f3rios. O aumento da\u00a0<a href=\"https:\/\/oglobo.globo.com\/rio\/testes-de-covid-19-veja-onde-ser-atendido-na-rede-municipal-do-rio-25342069\" target=\"_blank\" rel=\"noopener\">procura por testes<\/a>\u00a0ap\u00f3s as festas coincide com a chegada da variante \u00d4micron ao munic\u00edpio. E, apesar do apag\u00e3o no banco de dados do Minist\u00e9rio da Sa\u00fade, os n\u00fameros oficiais j\u00e1 come\u00e7am a mostrar um crescimento vertiginoso de casos de coronav\u00edrus. O painel da prefeitura do Rio mostra que, no dia 12 de dezembro, apenas 18 pessoas tiveram o diagn\u00f3stico da doen\u00e7a. No dia 25, o n\u00famero de infectados pulou para 269 e, em 1\u00ba de janeiro, saltou para 1.238. Em uma semana, do Natal para o r\u00e9veillon, a alta foi de 360%. Se considerar o per\u00edodo de 20 dias, a escalada foi de 6.778%.<\/p>\n<p>A capital n\u00e3o tinha tantas pessoas confirmadas com a doen\u00e7a em um \u00fanico dia desde 30 de agosto, quando ainda enfrentava a onda da doen\u00e7a provocada pela variante Delta. Esse n\u00famero de 1.238, que se refere ao total de pacientes que relataram ter come\u00e7ado a sentir os sintomas da infec\u00e7\u00e3o no dia 1\u00ba, deve subir j\u00e1 que novos casos atendidos nos pr\u00f3ximos dias ainda podem ser inseridos no sistema.<\/p>\n<h2>N\u00fameros represados<\/h2>\n<p>Outra estat\u00edstica divulgada pelo painel da prefeitura mostra o n\u00famero de registros de casos di\u00e1rios. Na segunda e na ter\u00e7a-feira, foram 6.307 notifica\u00e7\u00f5es, mas a Secretaria municipal de Sa\u00fade ressalta que o n\u00famero foi afetado pelo represamento provocado pelo ataque hacker ao sistema do Minist\u00e9rio da Sa\u00fade em 10 de dezembro.<\/p>\n<p>O avan\u00e7o da doen\u00e7a se reflete na taxa de positividade dos testes para diagnosticar a Covid-19, que subiu de 13% na semana passada para 41% nos primeiros dias do ano. Esse \u00e9 um dos indicadores que apontam que a curva de cont\u00e1gio deve subir ainda mais. O dado inclui testes realizados nas redes p\u00fablica e privada. Somente em unidades da prefeitura, a positividade foi de 17% ontem. O grande volume de pessoas que est\u00e3o fazendo os exames tem atrasado a inclus\u00e3o dos resultados nos sistemas.<\/p>\n<p>Desde a primeira semana de 2021, quando o Rio enfrentava a segunda onda do coronav\u00edrus, a cidade n\u00e3o tinha um percentual de casos positivos t\u00e3o alto como agora. Desde ent\u00e3o, a cidade n\u00e3o tinha ultrapassado a barreira dos 40%. Naquela \u00e9poca, no entanto, o n\u00famero de internados girava em torno de mil, sendo 500 em Unidades de Tratamento Intensivo (UTIs).<\/p>\n<h2 align=\"left\">Corridas aos postos<\/h2>\n<p>As filas desta quarta-feira no Parque Ol\u00edmpico, na Barra, onde h\u00e1 um posto de vacina\u00e7\u00e3o e testagem, s\u00e3o o retrato desse recrudescimento da doen\u00e7a. Morador do Cachambi, o motorista de aplicativos Julio Friques, de 47 anos, come\u00e7ou a ter sintomas de resfriado na segunda-feira. Nesta quarta-feira, ele e a mulher foram em busca do exame: os dois est\u00e3o com Covid-19.<\/p>\n<p>\u2014 Passei o r\u00e9veillon com a fam\u00edlia, mas sou motorista de aplicativo e posso ter sido infectado no trabalho. Chegamos ao posto por volta das 12h30, e tive o primeiro atendimento duas horas depois, mas foram quase quatro horas at\u00e9 ser liberado. Tomei as duas doses e iria tomar a terceira agora \u2014 conta.<\/p>\n<p>Em 2021, o Rio viveu tr\u00eas ondas da doen\u00e7a na cidade, que coincidiram com a chegada de variantes do coronav\u00edrus. Especialistas avaliam que, com a entrada da \u00d4micron na cidade, a tend\u00eancia \u00e9 que o processo se repita.<\/p>\n<p>Diego Xavier, epidemiologista e pesquisador do Monitora Covid-19, da Fiocruz, observa que as experi\u00eancias de outros pa\u00edses com cobertura vacinal parecida com as daqui mostram que o n\u00famero de casos deve subir. Segundo ele, \u00e9 preocupante o fato de ter tantas pessoas viajando nas f\u00e9rias de janeiro:<\/p>\n<p>\u2014 Tudo est\u00e1 indicando que teremos um \u201csusto\u201d, mas temos uma atenuante que \u00e9 a vacina. O lado bom \u00e9 que n\u00e3o temos acompanhado um aumento de \u00f3bitos e casos graves, o que acontecia em outras ondas da doen\u00e7a, e isso s\u00f3 pode ser efeito da imuniza\u00e7\u00e3o.<\/p>\n<p>Em todo o estado, 312 casos j\u00e1 tiveram resultados de triagem positivos para a \u00d4micron e s\u00e3o alvo de an\u00e1lise gen\u00e9tica por laborat\u00f3rios, como o da Fiocruz. Se esses casos forem confirmados, a \u00d4micron j\u00e1 ter\u00e1 se tornado a cepa predominante no Rio.<\/p>\n<p>\u2014 Estamos vendo perto da gente o aumento de casos. V\u00ednhamos com 17 semanas de redu\u00e7\u00e3o e, de repente, a gente come\u00e7a a ter um aumento muito r\u00e1pido. \u00c9 claro o indicativo de uma nova variante. Felizmente, n\u00e3o tem gerado casos graves, \u00f3bitos e interna\u00e7\u00f5es \u2014 disse o secret\u00e1rio municipal de Sa\u00fade, Daniel Soranz, em transmiss\u00e3o on-line anteontem.<\/p>\n<p>Gulnar Azevedo, professora de epidemiologia da Uerj e presidente da Associa\u00e7\u00e3o Brasileira de Sa\u00fade Coletiva (Abrasco), destaca que o bloqueio vacinal tem se mostrado efetivo contra a variante at\u00e9 o momento:<\/p>\n<p>\u2014 N\u00e3o estamos conseguindo testar suficientemente para identificar o quanto a \u00d4micron \u00e9 a respons\u00e1vel pelos casos. Mas h\u00e1 grande chance de ser. Importante lembrar, no entanto, que o aumento dos casos, independentemente de qual variante, tem a ver com as festas de fim de ano. O relaxamento no uso de m\u00e1scaras e as aglomera\u00e7\u00f5es, mesmo que entre fam\u00edlias, aumentar\u00e3o, sem d\u00favida, a circula\u00e7\u00e3o do v\u00edrus.<\/p>\n<p>Com o avan\u00e7o na vacina\u00e7\u00e3o, os casos de Covid-19 na cidade vinham em queda desde o fim de agosto. Em dezembro, apesar da epidemia de gripe, o Rio teve os menores \u00edndices de novos casos e \u00f3bitos por coronav\u00edrus desde o in\u00edcio da pandemia, em mar\u00e7o de 2020. Foram esses indicadores que embasaram a decis\u00e3o dos comit\u00eas cient\u00edficos da prefeitura do Rio e do governo estadual para liberar queimas de fogos em Copacabana e outros pontos da cidade.<\/p>\n","protected":false},"excerpt":{"rendered":"<p>A cidade do Rio vive nesses primeiros dias do ano uma explos\u00e3o de casos de&#8230;<\/p>\n","protected":false},"author":3,"featured_media":0,"comment_status":"closed","ping_status":"closed","sticky":false,"template":"","format":"standard","meta":{"footnotes":""},"categories":[116,21],"tags":[],"class_list":["post-11721192","post","type-post","status-publish","format-standard","hentry","category-coronavirus","category-saude"],"_links":{"self":[{"href":"https:\/\/www.corumbaonline.com.br\/news\/wp-json\/wp\/v2\/posts\/11721192","targetHints":{"allow":["GET"]}}],"collection":[{"href":"https:\/\/www.corumbaonline.com.br\/news\/wp-json\/wp\/v2\/posts"}],"about":[{"href":"https:\/\/www.corumbaonline.com.br\/news\/wp-json\/wp\/v2\/types\/post"}],"author":[{"embeddable":true,"href":"https:\/\/www.corumbaonline.com.br\/news\/wp-json\/wp\/v2\/users\/3"}],"replies":[{"embeddable":true,"href":"https:\/\/www.corumbaonline.com.br\/news\/wp-json\/wp\/v2\/comments?post=11721192"}],"version-history":[{"count":1,"href":"https:\/\/www.corumbaonline.com.br\/news\/wp-json\/wp\/v2\/posts\/11721192\/revisions"}],"predecessor-version":[{"id":11721193,"href":"https:\/\/www.corumbaonline.com.br\/news\/wp-json\/wp\/v2\/posts\/11721192\/revisions\/11721193"}],"wp:attachment":[{"href":"https:\/\/www.corumbaonline.com.br\/news\/wp-json\/wp\/v2\/media?parent=11721192"}],"wp:term":[{"taxonomy":"category","embeddable":true,"href":"https:\/\/www.corumbaonline.com.br\/news\/wp-json\/wp\/v2\/categories?post=11721192"},{"taxonomy":"post_tag","embeddable":true,"href":"https:\/\/www.corumbaonline.com.br\/news\/wp-json\/wp\/v2\/tags?post=11721192"}],"curies":[{"name":"wp","href":"https:\/\/api.w.org\/{rel}","templated":true}]}}