{"id":11721229,"date":"2022-01-07T08:37:00","date_gmt":"2022-01-07T12:37:00","guid":{"rendered":"http:\/\/www.corumbaonline.com.br\/news\/?p=11721229"},"modified":"2022-01-07T10:46:04","modified_gmt":"2022-01-07T14:46:04","slug":"em-corumba-17-757-pessoas-devem-comparecer-para-a-tomar-a-segunda-dose-da-janssen","status":"publish","type":"post","link":"https:\/\/www.corumbaonline.com.br\/news\/em-corumba-17-757-pessoas-devem-comparecer-para-a-tomar-a-segunda-dose-da-janssen\/","title":{"rendered":"Em Corumb\u00e1, 17.757 pessoas devem comparecer para a tomar a segunda dose da Janssen"},"content":{"rendered":"<p>Em Corumb\u00e1 26.417 pessoas receberam a dose da Vacina da Janssen, da Johnson &amp; Johnson, antes considerada dose \u00fanica. Mas devido a estudos realizados, foi comprovado que a segunda dose realizada no per\u00edodo dois meses ap\u00f3s a primeira dose, levou a um aumento dos anticorpos, sendo necess\u00e1ria uma segunda aplica\u00e7\u00e3o do mesmo imunizante.<\/p>\n<p>Em dezembro o munic\u00edpio recebeu a mesma quantidade para garantir a segunda dose deste p\u00fablico, mas at\u00e9 o momento 8.660 pessoas compareceram aos pontos de vacina\u00e7\u00e3o. Restando 17.757 pessoas que ainda n\u00e3o tomaram a segunda dose da Janssen.<\/p>\n<p><strong>2\u00aa Dose<\/strong><br \/>\nA Segunda dose da Pfizer \u00e9 recomendada para quem tomou a 1\u00aa dose h\u00e1 mais de 21 dias; e da Astrazeneca para quem tomou a 1\u00aa dose h\u00e1 mais de 60 dias. 4.430 pessoas n\u00e3o tomaram a segunda dose destes laborat\u00f3rios.<\/p>\n<p><strong>Refor\u00e7o<\/strong><br \/>\nNo refor\u00e7o, recomenda-se que quem tomou duas doses da Coronavac, Astrazeneca ou Pfizer h\u00e1 mais de 4 meses, deve receber mais uma dose preferencialmente da Pfizer.<br \/>\nCorumb\u00e1 registra 14.300 pessoas que ainda n\u00e3o receberam a dose de refor\u00e7o.<\/p>\n<p>Somando todas as doses das vacinas contra \u00e0 Covid-19, Corumb\u00e1 aplicou mais de 167 mil doses dos imunizantes.<\/p>\n<p><strong>Confira os p\u00fablicos que devem se vacinar<\/strong><br \/>\n1\u00aa Dose<br \/>\n-Pessoas com 12 anos ou mais<\/p>\n<p>2\u00aa Dose<br \/>\n-Janssen para pessoas a partir de 18 anos que tomaram a 1\u00aa dose h\u00e1 mais de 2 meses;<br \/>\n-Pfizer quem tomou a 1\u00aa dose h\u00e1 mais de 21 dias;<br \/>\n-Astrazeneca para quem tomou a 1\u00aa dose h\u00e1 mais de 60 dias.<\/p>\n<p>3\u00aa Dose<br \/>\n-Pessoas a partir de 18 anos que tomaram a segunda dose da Astrazeneca, Pfizer ou Coronavac h\u00e1 mais de 4 meses.<\/p>\n<p>4\u00aaDose<br \/>\n-Imunossuprimidos com mais de 18 anos, que receberam as tr\u00eas doses no esquema prim\u00e1rio (duas doses e uma dose adicional), h\u00e1 mais de 4 meses.<\/p>\n<p><strong>Pontos de Vacina\u00e7\u00e3o<\/strong><br \/>\nDe segunda \u00e0 sexta<\/p>\n<p>Centro de Sa\u00fade da Ladeira \u2013 (Das 7h30 \u00e0s 18h)<\/p>\n<p>Unidades de Sa\u00fade (Das 7h30 \u00e0s 10h30 e das 13h30 as 16h)<br \/>\nUSBF Humberto Pereira<br \/>\nUBSF Popular Velha<br \/>\nUSBF Padre Ernesto Sassida<br \/>\nUBSF Gast\u00e3o de Oliveira<br \/>\nUBSF L\u00facia Maria<br \/>\nUBSF Ranulfo de Jesus<br \/>\nUBSF Walter Vict\u00f3rio<br \/>\nUBSF Ang\u00e9lica Anache<\/p>\n<p>S\u00e1bado e Domingo (Das 8h \u00e0s 12h)<br \/>\nCentro de Sa\u00fade da Ladeira<\/p>\n","protected":false},"excerpt":{"rendered":"<p>Em Corumb\u00e1 26.417 pessoas receberam a dose da Vacina da Janssen, da Johnson &amp; Johnson,&#8230;<\/p>\n","protected":false},"author":70,"featured_media":11721230,"comment_status":"closed","ping_status":"closed","sticky":false,"template":"","format":"standard","meta":{"footnotes":""},"categories":[116,8,21],"tags":[],"class_list":["post-11721229","post","type-post","status-publish","format-standard","has-post-thumbnail","hentry","category-coronavirus","category-destaque","category-saude"],"_links":{"self":[{"href":"https:\/\/www.corumbaonline.com.br\/news\/wp-json\/wp\/v2\/posts\/11721229","targetHints":{"allow":["GET"]}}],"collection":[{"href":"https:\/\/www.corumbaonline.com.br\/news\/wp-json\/wp\/v2\/posts"}],"about":[{"href":"https:\/\/www.corumbaonline.com.br\/news\/wp-json\/wp\/v2\/types\/post"}],"author":[{"embeddable":true,"href":"https:\/\/www.corumbaonline.com.br\/news\/wp-json\/wp\/v2\/users\/70"}],"replies":[{"embeddable":true,"href":"https:\/\/www.corumbaonline.com.br\/news\/wp-json\/wp\/v2\/comments?post=11721229"}],"version-history":[{"count":1,"href":"https:\/\/www.corumbaonline.com.br\/news\/wp-json\/wp\/v2\/posts\/11721229\/revisions"}],"predecessor-version":[{"id":11721231,"href":"https:\/\/www.corumbaonline.com.br\/news\/wp-json\/wp\/v2\/posts\/11721229\/revisions\/11721231"}],"wp:featuredmedia":[{"embeddable":true,"href":"https:\/\/www.corumbaonline.com.br\/news\/wp-json\/wp\/v2\/media\/11721230"}],"wp:attachment":[{"href":"https:\/\/www.corumbaonline.com.br\/news\/wp-json\/wp\/v2\/media?parent=11721229"}],"wp:term":[{"taxonomy":"category","embeddable":true,"href":"https:\/\/www.corumbaonline.com.br\/news\/wp-json\/wp\/v2\/categories?post=11721229"},{"taxonomy":"post_tag","embeddable":true,"href":"https:\/\/www.corumbaonline.com.br\/news\/wp-json\/wp\/v2\/tags?post=11721229"}],"curies":[{"name":"wp","href":"https:\/\/api.w.org\/{rel}","templated":true}]}}