{"id":11721318,"date":"2022-01-10T12:10:00","date_gmt":"2022-01-10T16:10:00","guid":{"rendered":"http:\/\/www.corumbaonline.com.br\/news\/?p=11721318"},"modified":"2022-01-10T15:32:23","modified_gmt":"2022-01-10T19:32:23","slug":"diante-do-aumento-de-casos-de-covid-19-governo-amplia-testagem-e-intensifica-campanha-por-vacinacao","status":"publish","type":"post","link":"https:\/\/www.corumbaonline.com.br\/news\/diante-do-aumento-de-casos-de-covid-19-governo-amplia-testagem-e-intensifica-campanha-por-vacinacao\/","title":{"rendered":"Diante do aumento de casos de Covid-19, Governo amplia testagem e intensifica campanha por vacina\u00e7\u00e3o"},"content":{"rendered":"<p>O Governo de Mato Grosso do Sul vai reabrir drive-thrus de testagem de Covid-19 e intensificar a campanha de conscientiza\u00e7\u00e3o sobre a import\u00e2ncia da vacina\u00e7\u00e3o para vencer a pandemia. As decis\u00f5es do Prosseguir (Programa de Sa\u00fade e Seguran\u00e7a na Economia) foram tomadas diante do aumento do n\u00famero de casos de Covid-19, aliado ao de Influenza A.<\/p>\n<p>O an\u00fancio das novas medidas foi feito pelo presidente do programa, secret\u00e1rio Eduardo Riedel, e pelo titular da Sa\u00fade, Geraldo Resende, em entrevista coletiva nesta segunda-feira (10), na governadoria.<\/p>\n<p>Ser\u00e3o reabertos os drive-thrus para testagem de Campo Grande, Dourados e Tr\u00eas Lagoas e refor\u00e7ado o de Corumb\u00e1. Al\u00e9m disso, haver\u00e1 entregas semanais de novos testes aos munic\u00edpios, desde que as prefeituras concordem.<\/p>\n<p>Para Riedel, testagem e a vacina\u00e7\u00e3o s\u00e3o medidas necess\u00e1rias para conter o avan\u00e7o da pandemia provocada pelo coronav\u00edrus. \u201cNoventa e cinco por cento das pessoas que v\u00eam a \u00f3bito, s\u00e3o aqueles que n\u00e3o tomaram a vacina. Isso no Brasil. Ent\u00e3o, a vacina\u00e7\u00e3o \u00e9 fundamental nesse processo que estamos vivendo\u201d, explicou Riedel.<\/p>\n<p>J\u00e1 o secret\u00e1rio Geraldo Resende explicou a import\u00e2ncia da testagem para permitir o acesso gratuito da popula\u00e7\u00e3o ao servi\u00e7o e para monitorar o avan\u00e7o da doen\u00e7a em Mato Grosso do Sul. \u201cQuanto mais testagem n\u00f3s tivermos, maior compreens\u00e3o teremos da doen\u00e7a e poderemos cumprir estrat\u00e9gia para enfrentar\u201d, disse Resende.<\/p>\n<div id=\"gallery-1\" class=\"gallery galleryid-386122 gallery-columns-2 gallery-size-full\">\n<figure class=\"gallery-item\">\n<div class=\"gallery-icon landscape\"><a href=\"http:\/\/www.ms.gov.br\/coletiva-e-reuniao-prosseguir-foto-edemir-rodrigues-10\/\"><img loading=\"lazy\" decoding=\"async\" class=\"attachment-full size-full\" src=\"http:\/\/www.ms.gov.br\/wp-content\/uploads\/sites\/150\/2022\/01\/Coletiva-e-Reuni%C3%A3o-Prosseguir-Foto-Edemir-Rodrigues-10.jpg\" sizes=\"auto, (max-width: 2000px) 100vw, 2000px\" srcset=\"http:\/\/www.ms.gov.br\/wp-content\/uploads\/sites\/150\/2022\/01\/Coletiva-e-Reuni\u00e3o-Prosseguir-Foto-Edemir-Rodrigues-10.jpg 2000w, http:\/\/www.ms.gov.br\/wp-content\/uploads\/sites\/150\/2022\/01\/Coletiva-e-Reuni\u00e3o-Prosseguir-Foto-Edemir-Rodrigues-10-300x166.jpg 300w, http:\/\/www.ms.gov.br\/wp-content\/uploads\/sites\/150\/2022\/01\/Coletiva-e-Reuni\u00e3o-Prosseguir-Foto-Edemir-Rodrigues-10-768x425.jpg 768w, http:\/\/www.ms.gov.br\/wp-content\/uploads\/sites\/150\/2022\/01\/Coletiva-e-Reuni\u00e3o-Prosseguir-Foto-Edemir-Rodrigues-10-1024x567.jpg 1024w, http:\/\/www.ms.gov.br\/wp-content\/uploads\/sites\/150\/2022\/01\/Coletiva-e-Reuni\u00e3o-Prosseguir-Foto-Edemir-Rodrigues-10-350x194.jpg 350w\" alt=\"\" width=\"2000\" height=\"1107\" aria-describedby=\"gallery-1-386133\" \/><\/a><\/div><figcaption id=\"gallery-1-386133\" class=\"wp-caption-text gallery-caption\">Coletiva foi realizada no audit\u00f3rio seguindo protocolos de biosseguran\u00e7a<\/figcaption><\/figure>\n<figure class=\"gallery-item\">\n<div class=\"gallery-icon landscape\"><a href=\"http:\/\/www.ms.gov.br\/coletiva-e-reuniao-prosseguir-foto-edemir-rodrigues-13\/\"><img loading=\"lazy\" decoding=\"async\" class=\"attachment-full size-full\" src=\"http:\/\/www.ms.gov.br\/wp-content\/uploads\/sites\/150\/2022\/01\/Coletiva-e-Reuni%C3%A3o-Prosseguir-Foto-Edemir-Rodrigues-13.jpg\" sizes=\"auto, (max-width: 2000px) 100vw, 2000px\" srcset=\"http:\/\/www.ms.gov.br\/wp-content\/uploads\/sites\/150\/2022\/01\/Coletiva-e-Reuni\u00e3o-Prosseguir-Foto-Edemir-Rodrigues-13.jpg 2000w, http:\/\/www.ms.gov.br\/wp-content\/uploads\/sites\/150\/2022\/01\/Coletiva-e-Reuni\u00e3o-Prosseguir-Foto-Edemir-Rodrigues-13-300x166.jpg 300w, http:\/\/www.ms.gov.br\/wp-content\/uploads\/sites\/150\/2022\/01\/Coletiva-e-Reuni\u00e3o-Prosseguir-Foto-Edemir-Rodrigues-13-768x425.jpg 768w, http:\/\/www.ms.gov.br\/wp-content\/uploads\/sites\/150\/2022\/01\/Coletiva-e-Reuni\u00e3o-Prosseguir-Foto-Edemir-Rodrigues-13-1024x566.jpg 1024w, http:\/\/www.ms.gov.br\/wp-content\/uploads\/sites\/150\/2022\/01\/Coletiva-e-Reuni\u00e3o-Prosseguir-Foto-Edemir-Rodrigues-13-350x194.jpg 350w\" alt=\"\" width=\"2000\" height=\"1106\" aria-describedby=\"gallery-1-386125\" \/><\/a><\/div><figcaption id=\"gallery-1-386125\" class=\"wp-caption-text gallery-caption\">Secret\u00e1rios Eduardo Riedel e Geraldo Resende falaram da import\u00e2ncia da vacina\u00e7\u00e3o e da testagem<\/figcaption><\/figure>\n<\/div>\n<p><strong>Vacina\u00e7\u00e3o de crian\u00e7as<\/strong><\/p>\n<p>Tamb\u00e9m na coletiva, o secret\u00e1rio Geraldo Resende explicou que Mato Grosso do Sul aguarda a chegada e remessa de vacinas pelo Minist\u00e9rio da Sa\u00fade para come\u00e7ar a fazer a imuniza\u00e7\u00e3o das crian\u00e7as de 5 a 11 anos, dependendo dessa entrega, no pr\u00f3ximo dia 15.<\/p>\n<p><strong>Boletim epidemiol\u00f3gico<\/strong><\/p>\n<p>A Secretaria de Estado de Sa\u00fade confirmou mais 1.306 casos de Covid em Mato Grosso do Sul conforme dados do boletim epidemiol\u00f3gico desta segunda-feira (10).<\/p>\n<p>Os munic\u00edpios com maior n\u00famero de novas infec\u00e7\u00f5es s\u00e3o: Campo Grande (1.033), Bonito (52), Maracaju (46), Tr\u00eas Lagoas (45) e Dourados (33).\u00a0A m\u00e9dia m\u00f3vel indica que nos \u00faltimos 7 dias houve a confirma\u00e7\u00e3o de 702,9 casos di\u00e1rios no Estado.<\/p>\n<p>Um novo \u00f3bito ocorrido no munic\u00edpio de Iguatemi no dia 8 de janeiro, foi confirmado pela doen\u00e7a. Conforme o boletim, trata-se de um paciente do sexo masculino de 66 anos, que tinha hist\u00f3rico de diabetes.<\/p>\n<div id=\"gallery-2\" class=\"gallery galleryid-386122 gallery-columns-2 gallery-size-large\">\n<figure class=\"gallery-item\">\n<div class=\"gallery-icon landscape\"><a href=\"http:\/\/www.ms.gov.br\/wp-content\/uploads\/sites\/150\/2022\/01\/cenario-covid.png\"><img loading=\"lazy\" decoding=\"async\" class=\"attachment-large size-large\" src=\"http:\/\/www.ms.gov.br\/wp-content\/uploads\/sites\/150\/2022\/01\/cenario-covid-1024x576.png\" sizes=\"auto, (max-width: 1024px) 100vw, 1024px\" srcset=\"http:\/\/www.ms.gov.br\/wp-content\/uploads\/sites\/150\/2022\/01\/cenario-covid-1024x576.png 1024w, http:\/\/www.ms.gov.br\/wp-content\/uploads\/sites\/150\/2022\/01\/cenario-covid-300x169.png 300w, http:\/\/www.ms.gov.br\/wp-content\/uploads\/sites\/150\/2022\/01\/cenario-covid-768x432.png 768w, http:\/\/www.ms.gov.br\/wp-content\/uploads\/sites\/150\/2022\/01\/cenario-covid-350x197.png 350w, http:\/\/www.ms.gov.br\/wp-content\/uploads\/sites\/150\/2022\/01\/cenario-covid.png 1552w\" alt=\"\" width=\"1024\" height=\"576\" \/><\/a><\/div>\n<\/figure>\n<figure class=\"gallery-item\">\n<div class=\"gallery-icon landscape\"><a href=\"http:\/\/www.ms.gov.br\/wp-content\/uploads\/sites\/150\/2022\/01\/casos-novos-covid.png\"><img loading=\"lazy\" decoding=\"async\" class=\"attachment-large size-large\" src=\"http:\/\/www.ms.gov.br\/wp-content\/uploads\/sites\/150\/2022\/01\/casos-novos-covid-1024x576.png\" sizes=\"auto, (max-width: 1024px) 100vw, 1024px\" srcset=\"http:\/\/www.ms.gov.br\/wp-content\/uploads\/sites\/150\/2022\/01\/casos-novos-covid-1024x576.png 1024w, http:\/\/www.ms.gov.br\/wp-content\/uploads\/sites\/150\/2022\/01\/casos-novos-covid-300x169.png 300w, http:\/\/www.ms.gov.br\/wp-content\/uploads\/sites\/150\/2022\/01\/casos-novos-covid-768x432.png 768w, http:\/\/www.ms.gov.br\/wp-content\/uploads\/sites\/150\/2022\/01\/casos-novos-covid-350x197.png 350w, http:\/\/www.ms.gov.br\/wp-content\/uploads\/sites\/150\/2022\/01\/casos-novos-covid.png 1552w\" alt=\"\" width=\"1024\" height=\"576\" \/><\/a><\/div>\n<\/figure>\n<\/div>\n<p>A m\u00e9dia de \u00f3bitos da \u00faltima semana est\u00e1 em 1,7 e a letalidade se mant\u00e9m em 2,5%. Desde o in\u00edcio da pandemia no Estado, 9.743 sul-mato-grossenses morreram por complica\u00e7\u00f5es da doen\u00e7a.<\/p>\n<p>A taxa de ocupa\u00e7\u00e3o de leitos SUS UTI por macrorregi\u00e3o \u00e9 de 88% em Corumb\u00e1, 62% em Dourados, 51% em Campo Grande e 48% em Tr\u00eas Lagoas.<\/p>\n<p>Entre os casos ativos em Mato Grosso do Sul, 59 s\u00e3o pacientes internados em leitos cl\u00ednicos (37) e de UTI (22).\u00a0Existem 567 casos aguardando encerramento pelos munic\u00edpios.<\/p>\n<p><b>Influenza<\/b><\/p>\n<p>O novo formato do boletim epidemiol\u00f3gico da SES tamb\u00e9m traz as informa\u00e7\u00f5es sobre a Influenza. Foram registradas 175 novas notifica\u00e7\u00f5es e 1 novo caso da doen\u00e7a.<\/p>\n<p>N\u00e3o houve registro de novas mortes pela doen\u00e7a. Por\u00e9m, Mato Grosso do Sul j\u00e1 registrou 12 \u00f3bitos por influenza. A taxa de letalidade est\u00e1 em 6,9%.<\/p>\n<p>Confira\u00a0<strong><a href=\"http:\/\/www.ms.gov.br\/wp-content\/uploads\/sites\/150\/2022\/01\/Boletim-Epidemiol%C3%B3gico-COVID-19-Influenza-2022.01.10.pdf\">aqui<\/a><\/strong>\u00a0o detalhamento do boletim Covid e Influenza divulgado neste in\u00edcio de semana pela SES.<\/p>\n","protected":false},"excerpt":{"rendered":"<p>O Governo de Mato Grosso do Sul vai reabrir drive-thrus de testagem de Covid-19 e&#8230;<\/p>\n","protected":false},"author":13,"featured_media":11721319,"comment_status":"closed","ping_status":"closed","sticky":false,"template":"","format":"standard","meta":{"footnotes":""},"categories":[116,8,21],"tags":[],"class_list":["post-11721318","post","type-post","status-publish","format-standard","has-post-thumbnail","hentry","category-coronavirus","category-destaque","category-saude"],"_links":{"self":[{"href":"https:\/\/www.corumbaonline.com.br\/news\/wp-json\/wp\/v2\/posts\/11721318","targetHints":{"allow":["GET"]}}],"collection":[{"href":"https:\/\/www.corumbaonline.com.br\/news\/wp-json\/wp\/v2\/posts"}],"about":[{"href":"https:\/\/www.corumbaonline.com.br\/news\/wp-json\/wp\/v2\/types\/post"}],"author":[{"embeddable":true,"href":"https:\/\/www.corumbaonline.com.br\/news\/wp-json\/wp\/v2\/users\/13"}],"replies":[{"embeddable":true,"href":"https:\/\/www.corumbaonline.com.br\/news\/wp-json\/wp\/v2\/comments?post=11721318"}],"version-history":[{"count":1,"href":"https:\/\/www.corumbaonline.com.br\/news\/wp-json\/wp\/v2\/posts\/11721318\/revisions"}],"predecessor-version":[{"id":11721320,"href":"https:\/\/www.corumbaonline.com.br\/news\/wp-json\/wp\/v2\/posts\/11721318\/revisions\/11721320"}],"wp:featuredmedia":[{"embeddable":true,"href":"https:\/\/www.corumbaonline.com.br\/news\/wp-json\/wp\/v2\/media\/11721319"}],"wp:attachment":[{"href":"https:\/\/www.corumbaonline.com.br\/news\/wp-json\/wp\/v2\/media?parent=11721318"}],"wp:term":[{"taxonomy":"category","embeddable":true,"href":"https:\/\/www.corumbaonline.com.br\/news\/wp-json\/wp\/v2\/categories?post=11721318"},{"taxonomy":"post_tag","embeddable":true,"href":"https:\/\/www.corumbaonline.com.br\/news\/wp-json\/wp\/v2\/tags?post=11721318"}],"curies":[{"name":"wp","href":"https:\/\/api.w.org\/{rel}","templated":true}]}}