{"id":11721326,"date":"2022-01-11T08:08:00","date_gmt":"2022-01-11T12:08:00","guid":{"rendered":"http:\/\/www.corumbaonline.com.br\/news\/?p=11721326"},"modified":"2022-01-11T09:32:19","modified_gmt":"2022-01-11T13:32:19","slug":"janeiro-branco-saude-reforca-a-importancia-dos-cuidados-com-a-saude-mental","status":"publish","type":"post","link":"https:\/\/www.corumbaonline.com.br\/news\/janeiro-branco-saude-reforca-a-importancia-dos-cuidados-com-a-saude-mental\/","title":{"rendered":"Janeiro Branco, sa\u00fade refor\u00e7a a import\u00e2ncia dos cuidados com a sa\u00fade mental"},"content":{"rendered":"<p>Janeiro \u00e9 o m\u00eas escolhido para chamar aten\u00e7\u00e3o da popula\u00e7\u00e3o sobre os cuidados com a sa\u00fade mental. O tema ser\u00e1 trabalhando nas Unidades B\u00e1sicas de Sa\u00fade da Fam\u00edlia e em toda a rede visando chamar a aten\u00e7\u00e3o da popula\u00e7\u00e3o dos cuidados necess\u00e1rios com a sa\u00fade mental e emocional, mudando a compreens\u00e3o acerca do tema e desmistificando o assunto e promovendo um debate. O Centro de Refer\u00eancia Regional de Sa\u00fade do Trabalhador ir\u00e1 promover palestras em empresas.<\/p>\n<p>Segundo a Organiza\u00e7\u00e3o Mundial de Sa\u00fade (OMS), a ansiedade afeta 18,6 milh\u00f5es de brasileiros e os transtornos mentais s\u00e3o respons\u00e1veis por mais de um ter\u00e7o do n\u00famero de pessoas incapacitadas nas Am\u00e9ricas. A Covid-19 fez n\u00e3o s\u00f3 com que esses transtornos se agravassem, mas tamb\u00e9m trouxe novas quest\u00f5es.<\/p>\n<p><b>Atendimento em Sa\u00fade Mental<\/b><br \/>\nA pessoa que est\u00e1 passando por problemas de sa\u00fade mental deve procurar a Unidade de Sa\u00fade do seu bairro, e poder\u00e1 ser encaminhada para atendimento no Centro de Especialidades M\u00e9dicas ou para os Centros de Aten\u00e7\u00e3o Psicossocial \u2013 Caps.<br \/>\nOs Caps realizam um atendimento especializado, de transtornos mentais graves e persistentes, como depress\u00e3o, ansiedade, esquizofrenia, transtorno afetivo bipolar, transtorno obsessivo-compulsivo etc, e pessoas com quadro de uso nocivo e depend\u00eancia de subst\u00e2ncias psicoativas.<br \/>\nPor meio de uma equipe multidisciplinar oferecem diversas atividades, tais como: grupos terap\u00eauticos, oficinas diversas \u2013 pintura em tela, marcenaria, jardinagem, prendas culin\u00e1rias, atividades esportivas, passeios em pontos especiais da cidade, atendimento individual, consultas m\u00e9dicas cl\u00ednicas e psiqui\u00e1tricas, terapia individual, visitas domiciliares, buscas ativa, reuni\u00e3o de fam\u00edlia, reuni\u00e3o e capacita\u00e7\u00e3o de equipe.<br \/>\nTodas as a\u00e7\u00f5es s\u00e3o planejadas para trabalhar algum aspecto das necessidades ou potencialidades das pessoas.<\/p>\n<p>CAPS II \u2013 Jos\u00e9 Fragelli<br \/>\nAtendimento a adultos para transtornos mentais graves e persistentes.<br \/>\nTel.: 3907-5094<br \/>\nR: Tenente Melquiades de Jesus, 900, Centro<\/p>\n<p>CAPS AD:<br \/>\nAtendimento para adultos especializado em transtornos pelo uso de \u00e1lcool e outras drogas.<br \/>\nTel.: 3907-5427<br \/>\nR: Cabral 1208, Centro<\/p>\n<p>CAPS I<br \/>\nAtendimento a crian\u00e7as e adolescentes, para transtornos mentais graves e persistentes, inclusive pelo uso de subst\u00e2ncias psicoativas.<br \/>\nTel.:3907-5473<br \/>\nR: Cuiab\u00e1,1291, Centro<\/p>\n<p>O CEREST \u2013 Centro de Refer\u00eancia da Sa\u00fade do Trabalhador est\u00e1 localizado na R: Lad\u00e1rio, s\/n, (Ao lado terminal Rodovi\u00e1rio), Centro<br \/>\nTel.: 3907-5444<\/p>\n","protected":false},"excerpt":{"rendered":"<p>Janeiro \u00e9 o m\u00eas escolhido para chamar aten\u00e7\u00e3o da popula\u00e7\u00e3o sobre os cuidados com a&#8230;<\/p>\n","protected":false},"author":70,"featured_media":0,"comment_status":"closed","ping_status":"closed","sticky":false,"template":"","format":"standard","meta":{"footnotes":""},"categories":[21],"tags":[],"class_list":["post-11721326","post","type-post","status-publish","format-standard","hentry","category-saude"],"_links":{"self":[{"href":"https:\/\/www.corumbaonline.com.br\/news\/wp-json\/wp\/v2\/posts\/11721326","targetHints":{"allow":["GET"]}}],"collection":[{"href":"https:\/\/www.corumbaonline.com.br\/news\/wp-json\/wp\/v2\/posts"}],"about":[{"href":"https:\/\/www.corumbaonline.com.br\/news\/wp-json\/wp\/v2\/types\/post"}],"author":[{"embeddable":true,"href":"https:\/\/www.corumbaonline.com.br\/news\/wp-json\/wp\/v2\/users\/70"}],"replies":[{"embeddable":true,"href":"https:\/\/www.corumbaonline.com.br\/news\/wp-json\/wp\/v2\/comments?post=11721326"}],"version-history":[{"count":1,"href":"https:\/\/www.corumbaonline.com.br\/news\/wp-json\/wp\/v2\/posts\/11721326\/revisions"}],"predecessor-version":[{"id":11721327,"href":"https:\/\/www.corumbaonline.com.br\/news\/wp-json\/wp\/v2\/posts\/11721326\/revisions\/11721327"}],"wp:attachment":[{"href":"https:\/\/www.corumbaonline.com.br\/news\/wp-json\/wp\/v2\/media?parent=11721326"}],"wp:term":[{"taxonomy":"category","embeddable":true,"href":"https:\/\/www.corumbaonline.com.br\/news\/wp-json\/wp\/v2\/categories?post=11721326"},{"taxonomy":"post_tag","embeddable":true,"href":"https:\/\/www.corumbaonline.com.br\/news\/wp-json\/wp\/v2\/tags?post=11721326"}],"curies":[{"name":"wp","href":"https:\/\/api.w.org\/{rel}","templated":true}]}}