{"id":11721433,"date":"2022-01-14T16:20:00","date_gmt":"2022-01-14T20:20:00","guid":{"rendered":"http:\/\/www.corumbaonline.com.br\/news\/?p=11721433"},"modified":"2022-01-15T06:59:22","modified_gmt":"2022-01-15T10:59:22","slug":"prefeitura-adia-festival-internacional-de-pesca-esportiva-para-os-dias-20-21-e-22-de-maio-deste-ano","status":"publish","type":"post","link":"https:\/\/www.corumbaonline.com.br\/news\/prefeitura-adia-festival-internacional-de-pesca-esportiva-para-os-dias-20-21-e-22-de-maio-deste-ano\/","title":{"rendered":"Prefeitura adia Festival Internacional de Pesca Esportiva para os dias 20, 21 e 22 de maio deste ano"},"content":{"rendered":"<p>A Prefeitura de Corumb\u00e1 adiou a realiza\u00e7\u00e3o do Festival Internacional de Pesca Esportiva para os dias 20, 21 e 22 de maio deste ano. Marcado para acontecer entre os dias 4 e 6 de fevereiro, o evento foi remarcado em fun\u00e7\u00e3o dos crescentes casos de Covid-19 e tamb\u00e9m de Influenza registrados n\u00e3o s\u00f3 em Mato Grosso do Sul, mas em todo o Brasil.<\/p>\n<p>\u201cTemos um compromisso em garantir a sa\u00fade da nossa popula\u00e7\u00e3o. Ouvimos o nosso Comit\u00ea de Sa\u00fade, que nos apresentou dados sobre o comportamento da covid-19 em Corumb\u00e1, suas variantes e tamb\u00e9m da influenza H3N2\u201d, justificou o prefeito Marcelo Iunes, que nesta sexta-feira tamb\u00e9m decidiu adiar o Carnaval para m\u00eas de abril.<\/p>\n<p>Respons\u00e1vel pela organiza\u00e7\u00e3o do Festival de Pesca, a Funda\u00e7\u00e3o de Meio Ambiente do Pantanal explicou que as inscri\u00e7\u00f5es seguir\u00e3o abertas e as j\u00e1 realizadas continuam com validade. As equipes que n\u00e3o puderem se adequar \u00e0 nova data poder\u00e3o requerer de volta o valor investido a partir da pr\u00f3xima segunda-feira, dia 17 de janeiro.<\/p>\n<p><strong>FIPEC<\/strong><\/p>\n<p>O Festival Internacional de Pesca Esportiva de Corumb\u00e1 vai sortear diversos pr\u00eamios entre os participantes das modalidades \u201cInfantil\u201d e \u201cAdulta\u201d. S\u00e3o mais de R$ 50 mil divididos entre carro, moto, motores de popa entre outros. Na pesca embarcada todos os inscritos v\u00e3o concorrer a um carro zero km, uma moto zero km, um barco de alum\u00ednio, um motor de popa 15 HP, um motor de popa 30 HP e um kit de pesca.<\/p>\n<p>Tamb\u00e9m haver\u00e1 trof\u00e9us para as equipes que ficarem na primeira, segunda e terceira coloca\u00e7\u00e3o, al\u00e9m de um outro trof\u00e9u para o competidor que pegar o maior peixe. As inscri\u00e7\u00f5es para a modalidade \u201cAdulta\u201d est\u00e3o abertas, se limitaram ao total de 300 equipes e o valor \u00e9 de R$ 300,00 (trezentos reais) por equipe.<\/p>\n<p>As inscri\u00e7\u00f5es ainda podem ser feitas no site www.fipeccorumbams.com.br e tamb\u00e9m presencialmente nas sedes das funda\u00e7\u00f5es de Meio Ambiente e de Turismo. Cada equipe poder\u00e1 contar com no m\u00ednimo um e no m\u00e1ximo tr\u00eas pescadores. \u00c9 permitido que al\u00e9m dos tr\u00eas pescadores, a equipe conte tamb\u00e9m com um guia de pesca (piloteiro), por\u00e9m, nesse caso, este n\u00e3o poder\u00e1 pescar. Cada pescador receber\u00e1 uma camiseta e um bon\u00e9.<\/p>\n<p>Cada equipe receber\u00e1 uma r\u00e9gua que dever\u00e1 ser utilizada para medir os pescados e um adesivo que dever\u00e1 ser colados em um dos os lados do motor da embarca\u00e7\u00e3o, para a identifica\u00e7\u00e3o. Todas as regras est\u00e3o dispon\u00edveis no site www.fipeccorumbams.com.br.<\/p>\n<p><strong>Infantil<\/strong><\/p>\n<p>Entre as crian\u00e7as, a Prefeitura de Corumb\u00e1 vai sortear um videogame, tr\u00eas celulares, nove bicicletas, quatro TVs e tr\u00eas tablets. Os tr\u00eas primeiros colocados da categoria ainda receber\u00e3o trof\u00e9us personalizados do evento. Na modalidade infantil as inscri\u00e7\u00f5es s\u00e3o gratuitas e limitadas ao total de 1 mil participantes.<\/p>\n<p>Aqueles que por algum motivo n\u00e3o conseguirem fazer a inscri\u00e7\u00e3o na plataforma online (www.fipeccorumbams.com.br), poder\u00e3o comparecer presencialmente nas Funda\u00e7\u00f5es de Meio Ambiente do Pantanal ou Funda\u00e7\u00e3o de Turismo, juntamente com os documentos obrigat\u00f3rios, das 7h 30 at\u00e9 \u00e0s 13h30, das segundas \u00e0s sextas-feiras.<\/p>\n","protected":false},"excerpt":{"rendered":"<p>A Prefeitura de Corumb\u00e1 adiou a realiza\u00e7\u00e3o do Festival Internacional de Pesca Esportiva para os&#8230;<\/p>\n","protected":false},"author":70,"featured_media":11721434,"comment_status":"closed","ping_status":"closed","sticky":false,"template":"","format":"standard","meta":{"footnotes":""},"categories":[23],"tags":[],"class_list":["post-11721433","post","type-post","status-publish","format-standard","has-post-thumbnail","hentry","category-turismo"],"_links":{"self":[{"href":"https:\/\/www.corumbaonline.com.br\/news\/wp-json\/wp\/v2\/posts\/11721433","targetHints":{"allow":["GET"]}}],"collection":[{"href":"https:\/\/www.corumbaonline.com.br\/news\/wp-json\/wp\/v2\/posts"}],"about":[{"href":"https:\/\/www.corumbaonline.com.br\/news\/wp-json\/wp\/v2\/types\/post"}],"author":[{"embeddable":true,"href":"https:\/\/www.corumbaonline.com.br\/news\/wp-json\/wp\/v2\/users\/70"}],"replies":[{"embeddable":true,"href":"https:\/\/www.corumbaonline.com.br\/news\/wp-json\/wp\/v2\/comments?post=11721433"}],"version-history":[{"count":1,"href":"https:\/\/www.corumbaonline.com.br\/news\/wp-json\/wp\/v2\/posts\/11721433\/revisions"}],"predecessor-version":[{"id":11721435,"href":"https:\/\/www.corumbaonline.com.br\/news\/wp-json\/wp\/v2\/posts\/11721433\/revisions\/11721435"}],"wp:featuredmedia":[{"embeddable":true,"href":"https:\/\/www.corumbaonline.com.br\/news\/wp-json\/wp\/v2\/media\/11721434"}],"wp:attachment":[{"href":"https:\/\/www.corumbaonline.com.br\/news\/wp-json\/wp\/v2\/media?parent=11721433"}],"wp:term":[{"taxonomy":"category","embeddable":true,"href":"https:\/\/www.corumbaonline.com.br\/news\/wp-json\/wp\/v2\/categories?post=11721433"},{"taxonomy":"post_tag","embeddable":true,"href":"https:\/\/www.corumbaonline.com.br\/news\/wp-json\/wp\/v2\/tags?post=11721433"}],"curies":[{"name":"wp","href":"https:\/\/api.w.org\/{rel}","templated":true}]}}