{"id":11721647,"date":"2022-01-21T10:38:00","date_gmt":"2022-01-21T14:38:00","guid":{"rendered":"http:\/\/www.corumbaonline.com.br\/news\/?p=11721647"},"modified":"2022-01-21T12:22:08","modified_gmt":"2022-01-21T16:22:08","slug":"ladario-finaliza-relatorio-do-programa-de-classificacao-turistica-dos-municipios-de-ms-2021","status":"publish","type":"post","link":"https:\/\/www.corumbaonline.com.br\/news\/ladario-finaliza-relatorio-do-programa-de-classificacao-turistica-dos-municipios-de-ms-2021\/","title":{"rendered":"Lad\u00e1rio finaliza relat\u00f3rio do Programa de Classifica\u00e7\u00e3o Tur\u00edstica dos Munic\u00edpios de MS 2021"},"content":{"rendered":"<p>A Prefeitura de Lad\u00e1rio, por meio da Funda\u00e7\u00e3o Municipal de Turismo, encerrou nessa semana o relat\u00f3rio referente ao Programa de Classifica\u00e7\u00e3o Tur\u00edstica dos Munic\u00edpios de MS 2021. O intuito do programa, de autoria da Funda\u00e7\u00e3o Estadual de Turismo, \u00e9 fomentar o turismo dos munic\u00edpios do estado atrav\u00e9s do levantamento da infraestrutura e do apoio oferecido em cada um deles, al\u00e9m de incentivar o desenvolvimento da atividade e atrair novos investimentos para o setor.<\/p>\n<p>Em 2017 o munic\u00edpio de Lad\u00e1rio foi classificado na categoria SEMEAR do programa. Essa categoria se refere \u00e0 localidade com pequeno numero de visitantes, atra\u00eddos ao destino por conta de seus patrim\u00f4nios natural ou hist\u00f3rico-cultural. O objetivo para o relat\u00f3rio de 2021, segundo o gerente de Turismo Alexandre Orichuela, \u00e9 que o munic\u00edpio evolua para a categoria NASCER, onde o destino j\u00e1 e procurado por um crescente numero de turistas e a oferta come\u00e7a se estruturar para atend\u00ea-los.<\/p>\n<p>\u201cLad\u00e1rio tem se desenvolvido no seguimento de turismo de pesca, com ag\u00eancias de pesca, boas estruturas de barcos hot\u00e9is no porto e hot\u00e9is na regi\u00e3o urbana na regi\u00e3o da estrada da CODRASA. Al\u00e9m disso, foram realizados cursos na comunidade da Regi\u00e3o da APA Baia Negra empreendidos pela pr\u00f3pria Associa\u00e7\u00e3o de Moradores e parceiros, tudo para tornar \u00fanica a experi\u00eancia do turista\u201d, disse Alexandre.<\/p>\n<p>O resultado da nova classifica\u00e7\u00e3o deve sair no m\u00eas de mar\u00e7o. Com isso o munic\u00edpio tamb\u00e9m far\u00e1 parte da Rota Pantanal, de autoria do Minist\u00e9rio do Turismo. Ainda esse m\u00eas a Funda\u00e7\u00e3o de Turismo inicia alimenta\u00e7\u00e3o do sistema do Mapa do Turismo que e do Minist\u00e9rio do Turismo.<\/p>\n","protected":false},"excerpt":{"rendered":"<p>A Prefeitura de Lad\u00e1rio, por meio da Funda\u00e7\u00e3o Municipal de Turismo, encerrou nessa semana o&#8230;<\/p>\n","protected":false},"author":9,"featured_media":0,"comment_status":"closed","ping_status":"closed","sticky":false,"template":"","format":"standard","meta":{"footnotes":""},"categories":[16,23],"tags":[],"class_list":["post-11721647","post","type-post","status-publish","format-standard","hentry","category-ladario","category-turismo"],"_links":{"self":[{"href":"https:\/\/www.corumbaonline.com.br\/news\/wp-json\/wp\/v2\/posts\/11721647","targetHints":{"allow":["GET"]}}],"collection":[{"href":"https:\/\/www.corumbaonline.com.br\/news\/wp-json\/wp\/v2\/posts"}],"about":[{"href":"https:\/\/www.corumbaonline.com.br\/news\/wp-json\/wp\/v2\/types\/post"}],"author":[{"embeddable":true,"href":"https:\/\/www.corumbaonline.com.br\/news\/wp-json\/wp\/v2\/users\/9"}],"replies":[{"embeddable":true,"href":"https:\/\/www.corumbaonline.com.br\/news\/wp-json\/wp\/v2\/comments?post=11721647"}],"version-history":[{"count":1,"href":"https:\/\/www.corumbaonline.com.br\/news\/wp-json\/wp\/v2\/posts\/11721647\/revisions"}],"predecessor-version":[{"id":11721648,"href":"https:\/\/www.corumbaonline.com.br\/news\/wp-json\/wp\/v2\/posts\/11721647\/revisions\/11721648"}],"wp:attachment":[{"href":"https:\/\/www.corumbaonline.com.br\/news\/wp-json\/wp\/v2\/media?parent=11721647"}],"wp:term":[{"taxonomy":"category","embeddable":true,"href":"https:\/\/www.corumbaonline.com.br\/news\/wp-json\/wp\/v2\/categories?post=11721647"},{"taxonomy":"post_tag","embeddable":true,"href":"https:\/\/www.corumbaonline.com.br\/news\/wp-json\/wp\/v2\/tags?post=11721647"}],"curies":[{"name":"wp","href":"https:\/\/api.w.org\/{rel}","templated":true}]}}