{"id":11723760,"date":"2022-04-01T10:50:00","date_gmt":"2022-04-01T14:50:00","guid":{"rendered":"http:\/\/www.corumbaonline.com.br\/news\/?p=11723760"},"modified":"2022-04-01T12:18:43","modified_gmt":"2022-04-01T16:18:43","slug":"metade-dos-deputados-da-assembleia-de-ms-troca-de-partido-na-disputa-pela-reeleicao-de-2022","status":"publish","type":"post","link":"https:\/\/www.corumbaonline.com.br\/news\/metade-dos-deputados-da-assembleia-de-ms-troca-de-partido-na-disputa-pela-reeleicao-de-2022\/","title":{"rendered":"Metade dos deputados da Assembleia de MS troca de partido na disputa pela reelei\u00e7\u00e3o de 2022"},"content":{"rendered":"<p>A um dia do fim da janela partid\u00e1ria j\u00e1 \u00e9 poss\u00edvel tra\u00e7ar um mapa de como a Alems (Assembleia Legislativa de Mato Grosso do Sul) fica com a troca de partidos feita pelos deputados. A metade deles, 12 dos 24, trocou de legenda para disputar a reelei\u00e7\u00e3o este ano.<\/p>\n<p>Deputados com anos de filia\u00e7\u00e3o, deixaram as siglas visando retornar \u00e0s cadeiras ocupadas por eles nos \u00faltimos quatro anos. Felipe Orro deixou o PSDB e se filiou ao PSD.<\/p>\n<p>O partido que tinha eleito apenas um deputado em 2018,\u00a0<a class=\"st_tag internal_tag \" title=\"Londres\" href=\"https:\/\/midiamax.uol.com.br\/tag\/londres\/\" rel=\"tag\">Londres<\/a>\u00a0Machado, continua apenas com um representante, j\u00e1 que Londres se filiou ao PP.<\/p>\n<h2>Inchado<\/h2>\n<p>Com isso, o partido progressista que tinha apenas dois parlamentares,\u00a0<a class=\"st_tag internal_tag \" title=\"Evander Vendramini\" href=\"https:\/\/midiamax.uol.com.br\/tag\/evander-vendramini\/\" rel=\"tag\">Evander Vendramini<\/a>\u00a0e Gerson Claro, agora passa a ter quatro, com a filia\u00e7\u00e3o tamb\u00e9m de Barbosinha.<\/p>\n<h2>Sem representantes<\/h2>\n<p>J\u00e1 o segundo secret\u00e1rio da Casa de Leis, Herculano Borges, deixou o Solidariedade e se filiou ao Republicanos. O SD tinha dois deputados eleitos, e agora n\u00e3o tem mais nenhum representante, com a sa\u00edda de Lucas de Lima, que se filiou ao PDT.<\/p>\n<p>O DEM, que se tornou Uni\u00e3o Brasil com a fus\u00e3o junto ao PSL, tamb\u00e9m fica sem representantes. Z\u00e9 Teixeira foi para o PSDB, assim como Jamilson Name, que ficou quase tr\u00eas anos sem legenda.<\/p>\n<h2>Passos de Bolsonaro<\/h2>\n<p>Ap\u00f3s dois anos sem partido, Coronel David seguiu os passos do presidente da Rep\u00fablica, Jair Bolsonaro e se filiou ao PL. Al\u00e9m dele, o partido tem Jo\u00e3o Henrique Catan, que n\u00e3o mudou de sigla desde que foi eleito, em 2018.<\/p>\n<p>O PL conta tamb\u00e9m com a filia\u00e7\u00e3o de Neno Razuk e, at\u00e9 a \u00faltima quinta-feira (31), tinha Capit\u00e3o Contar, mas este, ap\u00f3s quase duas semanas no partido, se filiou ao PRTB para disputar o governo estadual.<\/p>\n<h2>Um deputado<\/h2>\n<p>O Podemos, que n\u00e3o elegeu nenhum parlamentar em 2018, conta agora com Rinaldo Modesto, que deixou o PSDB ap\u00f3s 16 anos e migrou para o partido para apoiar a pr\u00e9-candidatura da irm\u00e3, Rose Modesto, filiada ao Uni\u00e3o Brasil.<\/p>\n<h2>Indeciso<\/h2>\n<p>Dos que anunciaram a troca, apenas\u00a0<a class=\"st_tag internal_tag \" title=\"Paulo Duarte\" href=\"https:\/\/midiamax.uol.com.br\/tag\/paulo-duarte\/\" rel=\"tag\">Paulo Duarte<\/a>\u00a0(MDB) ainda n\u00e3o decidiu em qual partido vai se filiar para a disputa eleitoral deste ano. Ele assumiu a cadeira deixada por Eduardo Rocha em 3 de dezembro do ano passado.<\/p>\n<p>Ao\u00a0<strong>Jornal Midiamax<\/strong>, confirmou que vai mudar para uma legenda que apoia a pr\u00e9-candidatura ao governo de Eduardo Riedel (PSDB).<\/p>\n","protected":false},"excerpt":{"rendered":"<p>A um dia do fim da janela partid\u00e1ria j\u00e1 \u00e9 poss\u00edvel tra\u00e7ar um mapa de&#8230;<\/p>\n","protected":false},"author":10,"featured_media":0,"comment_status":"closed","ping_status":"closed","sticky":false,"template":"","format":"standard","meta":{"footnotes":""},"categories":[19],"tags":[],"class_list":["post-11723760","post","type-post","status-publish","format-standard","hentry","category-politica"],"_links":{"self":[{"href":"https:\/\/www.corumbaonline.com.br\/news\/wp-json\/wp\/v2\/posts\/11723760","targetHints":{"allow":["GET"]}}],"collection":[{"href":"https:\/\/www.corumbaonline.com.br\/news\/wp-json\/wp\/v2\/posts"}],"about":[{"href":"https:\/\/www.corumbaonline.com.br\/news\/wp-json\/wp\/v2\/types\/post"}],"author":[{"embeddable":true,"href":"https:\/\/www.corumbaonline.com.br\/news\/wp-json\/wp\/v2\/users\/10"}],"replies":[{"embeddable":true,"href":"https:\/\/www.corumbaonline.com.br\/news\/wp-json\/wp\/v2\/comments?post=11723760"}],"version-history":[{"count":1,"href":"https:\/\/www.corumbaonline.com.br\/news\/wp-json\/wp\/v2\/posts\/11723760\/revisions"}],"predecessor-version":[{"id":11723761,"href":"https:\/\/www.corumbaonline.com.br\/news\/wp-json\/wp\/v2\/posts\/11723760\/revisions\/11723761"}],"wp:attachment":[{"href":"https:\/\/www.corumbaonline.com.br\/news\/wp-json\/wp\/v2\/media?parent=11723760"}],"wp:term":[{"taxonomy":"category","embeddable":true,"href":"https:\/\/www.corumbaonline.com.br\/news\/wp-json\/wp\/v2\/categories?post=11723760"},{"taxonomy":"post_tag","embeddable":true,"href":"https:\/\/www.corumbaonline.com.br\/news\/wp-json\/wp\/v2\/tags?post=11723760"}],"curies":[{"name":"wp","href":"https:\/\/api.w.org\/{rel}","templated":true}]}}