{"id":11723764,"date":"2022-04-01T11:17:00","date_gmt":"2022-04-01T15:17:00","guid":{"rendered":"http:\/\/www.corumbaonline.com.br\/news\/?p=11723764"},"modified":"2022-04-01T12:21:46","modified_gmt":"2022-04-01T16:21:46","slug":"na-camara-vereador-cobra-aplicacao-de-projeto-para-eliminar-estacionamento-irregular","status":"publish","type":"post","link":"https:\/\/www.corumbaonline.com.br\/news\/na-camara-vereador-cobra-aplicacao-de-projeto-para-eliminar-estacionamento-irregular\/","title":{"rendered":"Na C\u00e2mara, vereador cobra aplica\u00e7\u00e3o de projeto para eliminar estacionamento irregular"},"content":{"rendered":"<p>O vereador Nelsinho Dib est\u00e1 pedindo informa\u00e7\u00f5es junto \u00e0 Ag\u00eancia Municipal de Transporte e Tr\u00e2nsito (Agetrat), sobre a aplica\u00e7\u00e3o do projeto trava rodas, um servi\u00e7o que seria aplicado em vias p\u00fablicas, para combater estacionamentos irregulares na \u00e1rea central, principalmente.<\/p>\n<p>O pedido foi feito por meio de requerimento direcionado ao diretor do \u00f3rg\u00e3o, Paulo Andr\u00e9 de Ara\u00fajo Junior. Nelsinho explicou que tem recebido reclama\u00e7\u00f5es dando conta da exist\u00eancia de condutores que insistem em estacionar em \u00e1reas reservadas de garagem de resid\u00eancias e empreendimentos comerciais, em \u00e1reas reservadas, exclusivamente para Pontos de T\u00e1xi, de Motot\u00e1xi, para Idosos e para Portadores de Necessidades Especiais.<\/p>\n<p>\u201cA op\u00e7\u00e3o da utiliza\u00e7\u00e3o do trava rodas, certamente, iria facilitar a a\u00e7\u00e3o dos Agentes de Tr\u00e2nsito, no disciplinamento do tr\u00e2nsito urbano, e inibir estacionamentos irregulares, especialmente no centro\u201d, disse.<\/p>\n<p>COBERTURA<\/p>\n<p>Em requerimento direcionado ao secret\u00e1rio Rog\u00e9rio Leite, de Sa\u00fade, o vereador pediu a implanta\u00e7\u00e3o de uma cobertura de prote\u00e7\u00e3o, fixa ou m\u00f3vel, na Unidade B\u00e1sica de Sa\u00fade da Fam\u00edlia \u00canio Cunha, no Bairro Cervejaria, para maior comodidade dos usu\u00e1rios do sistema de sa\u00fade que, nos dias atuais, ficam expostos ao sol, ou mesmo debaixo de chuva.<\/p>\n<p>NO DOM BOSCO<\/p>\n<p>Solicitou ao secret\u00e1rio Ricardo Ametlla, de Infraestrutura e Servi\u00e7os P\u00fablicos, servi\u00e7os de limpeza como remo\u00e7\u00e3o de lixo e entulhos, assim como desobstru\u00e7\u00e3o de galerias de \u00e1guas pluviais na regi\u00e3o da Rua Jos\u00e9 Fragelli com a Delamare, no Bairro Dom Bosco. O pedido atende anseios dos moradores que reclamam de constantes alagamentos, durante as chuvas, justamente em virtude da grande quantidade de lixo na regi\u00e3o, que acaba entupindo as galerias.<\/p>\n<p>LIMPEZA<\/p>\n<p>Ainda \u00e0 mesma pasta, o vereador sugeriu a realiza\u00e7\u00e3o de um mutir\u00e3o de limpeza com ro\u00e7ada, capina\u00e7\u00e3o e remo\u00e7\u00e3o de restos vegetais, entulhos e lixo, assim como a recupera\u00e7\u00e3o do pavimento na Rua S\u00e3o Jo\u00e3o e vias de entorno, no Bairro Maria Leite, como forma de eliminar problemas que est\u00e3o gerando reclama\u00e7\u00f5es constantes por parte dos moradores.<\/p>\n<p>NO MORRINHO<\/p>\n<p>Tamb\u00e9m \u00e0 pasta de Infraestrutura, Nelsinho Dib requereu servi\u00e7os para melhoria e manuten\u00e7\u00e3o de pontos do sistema de ilumina\u00e7\u00e3o p\u00fablica existente na localidade do Porto Morrinho. Segundo ele, \u00e9 preciso adotar medidas para melhorar as condi\u00e7\u00f5es de vida dos moradores residentes no local, al\u00e9m de dotar o lugarejo de boas condi\u00e7\u00f5es para receber turistas.<\/p>\n<p>Segundo moradores, a ilumina\u00e7\u00e3o p\u00fablica \u00e9 importante para melhorar a seguran\u00e7a dos moradores e turistas que, por se tratar de uma \u00e1rea ribeirinha, cercada por vegeta\u00e7\u00e3o, ficam expostos a perigosos ataques por esp\u00e9cies da fauna local, como on\u00e7as, cobras, entre outros.<\/p>\n<p>\u201cPor isso \u00e9 importante melhorar a ilumina\u00e7\u00e3o p\u00fablica que vai minimizar a possibilidade desse tipo de ataque, isso sem contar que o servi\u00e7o resultar\u00e1 em melhoria da qualidade de vida de todos que residem naquela comunidade\u201d, explicou.<\/p>\n<p>REFORMA<\/p>\n<p>Ao prefeito Marcelo Iunes, Nelsinho solicitou a realiza\u00e7\u00e3o de estudos t\u00e9cnicos, inclusive an\u00e1lises jur\u00eddicas que permitam a execu\u00e7\u00e3o de obras de reforma, ou mesmo manuten\u00e7\u00e3o, da sede da Associa\u00e7\u00e3o do Alc\u00f3olicos An\u00f4nimos, localizada na Rua Quinze de Novembro, 1003, entre as ruas Colombo e Cabral, no centro da cidade. O vereador explicou que este foi um pedido de pessoas engajadas com a causa, de forma volunt\u00e1ria, e que a melhoria do pr\u00e9dio vai permitir melhorar o trabalho social desenvolvido no local.<\/p>\n","protected":false},"excerpt":{"rendered":"<p>O vereador Nelsinho Dib est\u00e1 pedindo informa\u00e7\u00f5es junto \u00e0 Ag\u00eancia Municipal de Transporte e Tr\u00e2nsito&#8230;<\/p>\n","protected":false},"author":63,"featured_media":0,"comment_status":"closed","ping_status":"closed","sticky":false,"template":"","format":"standard","meta":{"footnotes":""},"categories":[19],"tags":[],"class_list":["post-11723764","post","type-post","status-publish","format-standard","hentry","category-politica"],"_links":{"self":[{"href":"https:\/\/www.corumbaonline.com.br\/news\/wp-json\/wp\/v2\/posts\/11723764","targetHints":{"allow":["GET"]}}],"collection":[{"href":"https:\/\/www.corumbaonline.com.br\/news\/wp-json\/wp\/v2\/posts"}],"about":[{"href":"https:\/\/www.corumbaonline.com.br\/news\/wp-json\/wp\/v2\/types\/post"}],"author":[{"embeddable":true,"href":"https:\/\/www.corumbaonline.com.br\/news\/wp-json\/wp\/v2\/users\/63"}],"replies":[{"embeddable":true,"href":"https:\/\/www.corumbaonline.com.br\/news\/wp-json\/wp\/v2\/comments?post=11723764"}],"version-history":[{"count":1,"href":"https:\/\/www.corumbaonline.com.br\/news\/wp-json\/wp\/v2\/posts\/11723764\/revisions"}],"predecessor-version":[{"id":11723765,"href":"https:\/\/www.corumbaonline.com.br\/news\/wp-json\/wp\/v2\/posts\/11723764\/revisions\/11723765"}],"wp:attachment":[{"href":"https:\/\/www.corumbaonline.com.br\/news\/wp-json\/wp\/v2\/media?parent=11723764"}],"wp:term":[{"taxonomy":"category","embeddable":true,"href":"https:\/\/www.corumbaonline.com.br\/news\/wp-json\/wp\/v2\/categories?post=11723764"},{"taxonomy":"post_tag","embeddable":true,"href":"https:\/\/www.corumbaonline.com.br\/news\/wp-json\/wp\/v2\/tags?post=11723764"}],"curies":[{"name":"wp","href":"https:\/\/api.w.org\/{rel}","templated":true}]}}