{"id":11723778,"date":"2022-04-02T08:50:00","date_gmt":"2022-04-02T12:50:00","guid":{"rendered":"http:\/\/www.corumbaonline.com.br\/news\/?p=11723778"},"modified":"2022-04-02T12:33:40","modified_gmt":"2022-04-02T16:33:40","slug":"marquinhos-entrega-carta-de-renuncia-e-confirma-pre-candidatura-ao-governo-de-ms%ef%bf%bc","status":"publish","type":"post","link":"https:\/\/www.corumbaonline.com.br\/news\/marquinhos-entrega-carta-de-renuncia-e-confirma-pre-candidatura-ao-governo-de-ms%ef%bf%bc\/","title":{"rendered":"Marquinhos entrega carta de ren\u00fancia e confirma pr\u00e9-candidatura ao governo de MS"},"content":{"rendered":"<p>Marquinhos Trad (PSD) agora \u00e9 o ex-prefeito de Campo Grande. A carta de ren\u00fancia foi entregue nesta sexta-feira (1\u00ba), para garantir a pr\u00e9-candidatura ao Governo de Mato Grosso do Sul nas elei\u00e7\u00f5es de 2022.<\/p>\n<p>Esta \u00e9 a \u00faltima vez de Marquinhos como prefeito no gabinete \u2014 que agora passa a ser de Adriane Lopes (Patriota).<\/p>\n<p>Na noite desta sexta-feira, ao lado da sua vice, Adriane Lopes \u2014 que assume a\u00a0prefeitura\u00a0\u2014 Marquinhos declarou que a comunica\u00e7\u00e3o atende \u00e0 decis\u00e3o eleitoral e que est\u00e1 \u2018sendo dif\u00edcil\u2019 para ele, mas est\u00e1 \u2018em paz\u2019.<\/p>\n<p>O que \u2018me move a me desligar da prefeitura \u00e9 a miss\u00e3o de algo maior\u2019, disse, afirmando ter escutado um clamor por mudan\u00e7a em todo o Estado.<\/p>\n<p>\u201cN\u00e3o estou dizendo adeus a Campo Grande e, sim, at\u00e9 breve\u201d, pontuou, completando que a decis\u00e3o \u00e9 o \u201cin\u00edcio de novo tempo\u201d.<\/p>\n<p>Ap\u00f3s ler todo o discurso, Trad apresentou oficialmente Adriane Lopes como a nova prefeita de Campo Grande e disse que ela \u201cdar\u00e1 sequ\u00eancia ao povo de Campo Grande que a escolheu duas vezes\u201d.<\/p>\n<figure id=\"attachment_11723789\" aria-describedby=\"caption-attachment-11723789\" style=\"width: 768px\" class=\"wp-caption aligncenter\"><img loading=\"lazy\" decoding=\"async\" class=\"size-full wp-image-11723789\" src=\"https:\/\/www.corumbaonline.com.br\/news\/wp-content\/uploads\/2022\/04\/foto117207.jpg\" alt=\"\" width=\"768\" height=\"410\" srcset=\"https:\/\/www.corumbaonline.com.br\/news\/wp-content\/uploads\/2022\/04\/foto117207.jpg 768w, https:\/\/www.corumbaonline.com.br\/news\/wp-content\/uploads\/2022\/04\/foto117207-300x160.jpg 300w, https:\/\/www.corumbaonline.com.br\/news\/wp-content\/uploads\/2022\/04\/foto117207-600x320.jpg 600w\" sizes=\"auto, (max-width: 768px) 100vw, 768px\" \/><figcaption id=\"caption-attachment-11723789\" class=\"wp-caption-text\">An\u00fancio foi dado ao lado de Adriane Lopes, que assume a prefeitura de Campo Grande. (Foto: Leonardo de Fran\u00e7a \/ Midiamax)<\/figcaption><\/figure>\n<p>Segue na \u00edntegra texto do presidente da C\u00e2mara de Campo Grande,\u00a0Carl\u00e3o\u00a0(PSB):<\/p>\n<p>\u201cPresidente da c\u00e2mara municipal de Campo\u00a0Grande, Estado de Mato Grosso do Sul, com base no inciso l do art. 6\u00b0 do Decreto- Lei n. 201\/67, diante da ren\u00fancia por escrito protocolizada nesta Casa em 1\u00b0 de abril de 2022 pelo Sr. Marcos Marcello Trad, declara extinto, com efeitos partir de 2 de abril de 2022, o mandato de Prefeito, para o qual foi empossado no dia 1\u00ba de janeiro de 2021\u2033.<\/p>\n<p>A carta de ren\u00fancia foi publicada em edi\u00e7\u00e3o extra do\u00a0Diogrande\u00a0ainda na noite desta sexta-feira, oficializando a sa\u00edda de Marquinhos Trad da prefeitura.\u00a0Outros dois secret\u00e1rios municipais tamb\u00e9m foram exonerados para concorrer \u00e0s elei\u00e7\u00f5es deste ano.<\/p>\n<p>Marquinhos Trad<\/p>\n<p>Marquinhos foi eleito prefeito de Campo Grande pela primeira vez em 2016, quando obteve 58,77% dos votos no segundo turno contra Rose Modesto (Uni\u00e3o Brasil \u2014 que concorreu na \u00e9poca pelo PSDB). O primeiro mandato como chefe do Executivo municipal terminou em 31 de dezembro de 2020.<\/p>\n<p>Nas elei\u00e7\u00f5es de 2020,\u00a0Marquinhos Trad recebeu 218,418 mil votos e foi reeleito prefeito de Campo Grande com 52,58%. Ele ficou cinco anos e quatro meses exercendo o cargo de chefe do executivo da Capital.<\/p>\n<p>Prefeitura de Campo Grande<\/p>\n<p>Com a sa\u00edda de Marquinhos Trad, a prefeitura de Campo Grande fica nas m\u00e3os de Adriane Lopes, que passa de vice-prefeita para prefeita da Capital.\u00a0A posse deve acontecer na segunda-feira (4), na C\u00e2mara Municipal.<\/p>\n<p>A prefeitura de Campo Grande sofreu duas baixas com a sa\u00edda de dois secret\u00e1rios, Pedro Pedrossian Neto e Elza Fernandes, que deixam as secretarias de Finan\u00e7as e Educa\u00e7\u00e3o, respectivamente.\u00a0Os dois devem disputar um cargo na Alems (Assembleia Legislativa de Mato Grosso do Sul) pelo PSD.<\/p>\n","protected":false},"excerpt":{"rendered":"<p>Marquinhos Trad (PSD) agora \u00e9 o ex-prefeito de Campo Grande. A carta de ren\u00fancia foi&#8230;<\/p>\n","protected":false},"author":10,"featured_media":11723779,"comment_status":"closed","ping_status":"closed","sticky":false,"template":"","format":"standard","meta":{"footnotes":""},"categories":[19],"tags":[],"class_list":["post-11723778","post","type-post","status-publish","format-standard","has-post-thumbnail","hentry","category-politica"],"_links":{"self":[{"href":"https:\/\/www.corumbaonline.com.br\/news\/wp-json\/wp\/v2\/posts\/11723778","targetHints":{"allow":["GET"]}}],"collection":[{"href":"https:\/\/www.corumbaonline.com.br\/news\/wp-json\/wp\/v2\/posts"}],"about":[{"href":"https:\/\/www.corumbaonline.com.br\/news\/wp-json\/wp\/v2\/types\/post"}],"author":[{"embeddable":true,"href":"https:\/\/www.corumbaonline.com.br\/news\/wp-json\/wp\/v2\/users\/10"}],"replies":[{"embeddable":true,"href":"https:\/\/www.corumbaonline.com.br\/news\/wp-json\/wp\/v2\/comments?post=11723778"}],"version-history":[{"count":2,"href":"https:\/\/www.corumbaonline.com.br\/news\/wp-json\/wp\/v2\/posts\/11723778\/revisions"}],"predecessor-version":[{"id":11723790,"href":"https:\/\/www.corumbaonline.com.br\/news\/wp-json\/wp\/v2\/posts\/11723778\/revisions\/11723790"}],"wp:featuredmedia":[{"embeddable":true,"href":"https:\/\/www.corumbaonline.com.br\/news\/wp-json\/wp\/v2\/media\/11723779"}],"wp:attachment":[{"href":"https:\/\/www.corumbaonline.com.br\/news\/wp-json\/wp\/v2\/media?parent=11723778"}],"wp:term":[{"taxonomy":"category","embeddable":true,"href":"https:\/\/www.corumbaonline.com.br\/news\/wp-json\/wp\/v2\/categories?post=11723778"},{"taxonomy":"post_tag","embeddable":true,"href":"https:\/\/www.corumbaonline.com.br\/news\/wp-json\/wp\/v2\/tags?post=11723778"}],"curies":[{"name":"wp","href":"https:\/\/api.w.org\/{rel}","templated":true}]}}