{"id":11723890,"date":"2022-04-05T11:22:00","date_gmt":"2022-04-05T15:22:00","guid":{"rendered":"http:\/\/www.corumbaonline.com.br\/news\/?p=11723890"},"modified":"2022-04-05T12:56:42","modified_gmt":"2022-04-05T16:56:42","slug":"etapas-de-vacinacao-contra-aftosa-sao-invertidas-em-mato-grosso-do-sul","status":"publish","type":"post","link":"https:\/\/www.corumbaonline.com.br\/news\/etapas-de-vacinacao-contra-aftosa-sao-invertidas-em-mato-grosso-do-sul\/","title":{"rendered":"Etapas de vacina\u00e7\u00e3o contra aftosa s\u00e3o invertidas em Mato Grosso do Sul"},"content":{"rendered":"<p data-uw-styling-context=\"true\">A Iagro (Ag\u00eancia Estadual de Defesa Sanit\u00e1ria Animal e Vegetal) publicou no Di\u00e1rio Oficial desta ter\u00e7a-feira (5), o calend\u00e1rio oficial de vacina\u00e7\u00e3o contra a febre aftosa para Mato Grosso do Sul.<\/p>\n<p data-uw-styling-context=\"true\">Excepcionalmente para o ano de 2022 as etapas ser\u00e3o invertidas e os pecuaristas dever\u00e3o vacinar todos os bovinos e bubalinos com at\u00e9 vinte e quatro meses de idade na primeira etapa (em maio) e, todo o rebanho bovino e bubalino, de mamando a caducando, na segunda etapa em novembro.<\/p>\n<p data-uw-styling-context=\"true\">Segundo o diretor-presidente da Iagro, Daniel Ingold, a decis\u00e3o atende determina\u00e7\u00e3o do Minist\u00e9rio da Agricultura, pecu\u00e1ria e Abastecimento (Mapa) e foi definida somente para os estados que comp\u00f5em o Bloco IV dentro do Plano Estrat\u00e9gico do Programa Nacional de Vigil\u00e2ncia da Febre Aftosa (PE-PNEFA). Al\u00e9m de Mato Grosso do Sul no bloco est\u00e3o ainda os estados da Bahia, Distrito Federal, Espirito Santo, Goi\u00e1s, Minas Gerais, Mato Grosso, Rio de Janeiro, Sergipe, S\u00e3o Paulo e Tocantins. Juntos, os dez Estados somam aproximadamente 61,3 milh\u00f5es de bovinos e bubalinos de zero a 24 meses que dever\u00e3o ser imunizados no m\u00eas de maio de 2022.<\/p>\n<p data-uw-styling-context=\"true\">Conforme explicou Daniel, a mudan\u00e7a vem para tentar solucionar a demanda de vacinas contra febre aftosa com o cronograma previsto de produ\u00e7\u00e3o da ind\u00fastria e foi adotada ap\u00f3s discuss\u00e3o com os servi\u00e7os veterin\u00e1rios estaduais do Bloco.<\/p>\n<p data-uw-styling-context=\"true\">Al\u00e9m de estabelecer o calend\u00e1rio de vacina\u00e7\u00e3o contra a febre aftosa, para o ano de 2022, em todo o Estado de Mato Grosso do Sul &#8211; com as altera\u00e7\u00f5es de procedimentos, em car\u00e1ter excepcional &#8211; a Portaria determina ainda que os estabelecimentos rurais com saldo de rebanho bovino e\/ou bubalino (levando-se em considera\u00e7\u00e3o a regi\u00e3o sanit\u00e1ria de localiza\u00e7\u00e3o) dever\u00e3o seguir o calend\u00e1rio de vacina\u00e7\u00e3o contra a Febre Aftosa conforme as tabelas abaixo para cada regi\u00e3o sanit\u00e1ria, que hoje s\u00e3o duas: Planalto e Pantanal.<\/p>\n<p data-uw-styling-context=\"true\"><a href=\"http:\/\/www.ms.gov.br\/wp-content\/uploads\/sites\/150\/2022\/04\/CALEND%C3%81RIO-VACINA%C3%87%C3%83O-FEBRE-AFTOSA-2022.docx\" data-uw-styling-context=\"true\"><span data-uw-styling-context=\"true\">CALEND\u00c1RIO VACINA\u00c7\u00c3O FEBRE AFTOSA 2022 NO ESTADO<\/span><\/a><\/p>\n<p data-uw-styling-context=\"true\"><a href=\"https:\/\/www.gov.br\/agricultura\/pt-br\/assuntos\/sanidade-animal-e-vegetal\/saude-animal\/programas-de-saude-animal\/febre-aftosa\/CalendriodeVacinao_2022.pdf\" data-uw-styling-context=\"true\"><span data-uw-styling-context=\"true\">Confira aqui o calend\u00e1rio de vacina\u00e7\u00e3o nacional<\/span><\/a><\/p>\n","protected":false},"excerpt":{"rendered":"<p>A Iagro (Ag\u00eancia Estadual de Defesa Sanit\u00e1ria Animal e Vegetal) publicou no Di\u00e1rio Oficial desta&#8230;<\/p>\n","protected":false},"author":13,"featured_media":11723891,"comment_status":"closed","ping_status":"closed","sticky":false,"template":"","format":"standard","meta":{"footnotes":""},"categories":[2],"tags":[],"class_list":["post-11723890","post","type-post","status-publish","format-standard","has-post-thumbnail","hentry","category-agropecuaria"],"_links":{"self":[{"href":"https:\/\/www.corumbaonline.com.br\/news\/wp-json\/wp\/v2\/posts\/11723890","targetHints":{"allow":["GET"]}}],"collection":[{"href":"https:\/\/www.corumbaonline.com.br\/news\/wp-json\/wp\/v2\/posts"}],"about":[{"href":"https:\/\/www.corumbaonline.com.br\/news\/wp-json\/wp\/v2\/types\/post"}],"author":[{"embeddable":true,"href":"https:\/\/www.corumbaonline.com.br\/news\/wp-json\/wp\/v2\/users\/13"}],"replies":[{"embeddable":true,"href":"https:\/\/www.corumbaonline.com.br\/news\/wp-json\/wp\/v2\/comments?post=11723890"}],"version-history":[{"count":1,"href":"https:\/\/www.corumbaonline.com.br\/news\/wp-json\/wp\/v2\/posts\/11723890\/revisions"}],"predecessor-version":[{"id":11723892,"href":"https:\/\/www.corumbaonline.com.br\/news\/wp-json\/wp\/v2\/posts\/11723890\/revisions\/11723892"}],"wp:featuredmedia":[{"embeddable":true,"href":"https:\/\/www.corumbaonline.com.br\/news\/wp-json\/wp\/v2\/media\/11723891"}],"wp:attachment":[{"href":"https:\/\/www.corumbaonline.com.br\/news\/wp-json\/wp\/v2\/media?parent=11723890"}],"wp:term":[{"taxonomy":"category","embeddable":true,"href":"https:\/\/www.corumbaonline.com.br\/news\/wp-json\/wp\/v2\/categories?post=11723890"},{"taxonomy":"post_tag","embeddable":true,"href":"https:\/\/www.corumbaonline.com.br\/news\/wp-json\/wp\/v2\/tags?post=11723890"}],"curies":[{"name":"wp","href":"https:\/\/api.w.org\/{rel}","templated":true}]}}