{"id":11724009,"date":"2022-04-10T08:30:00","date_gmt":"2022-04-10T12:30:00","guid":{"rendered":"http:\/\/www.corumbaonline.com.br\/news\/?p=11724009"},"modified":"2022-04-10T09:29:37","modified_gmt":"2022-04-10T13:29:37","slug":"termina-hoje-inscricao-para-programa-de-inovacao-em-pequenas-empresas","status":"publish","type":"post","link":"https:\/\/www.corumbaonline.com.br\/news\/termina-hoje-inscricao-para-programa-de-inovacao-em-pequenas-empresas\/","title":{"rendered":"Termina hoje inscri\u00e7\u00e3o para programa de inova\u00e7\u00e3o em pequenas empresas"},"content":{"rendered":"<p>Terminam hoje (10) as inscri\u00e7\u00f5es para o programa que pretende ajudar gratuitamente projetos inovadores de pequenas empresas. Em parceria com o Minist\u00e9rio da Economia e o Servi\u00e7o Brasileiro de Apoio \u00e0s Micro e Pequenas Empresas (Sebrae), a Associa\u00e7\u00e3o Nacional de Entidades Promotoras de Empreendimentos Inovadores (Anprotec) est\u00e1 escolhendo at\u00e9 300 ideias para receberem capacita\u00e7\u00e3o empreendedora, mentorias e apoio tecnol\u00f3gico por dez semanas.<img decoding=\"async\" src=\"https:\/\/agenciabrasil.ebc.com.br\/ebc.png?id=1452690&amp;o=node\" \/><img decoding=\"async\" src=\"https:\/\/agenciabrasil.ebc.com.br\/ebc.gif?id=1452690&amp;o=node\" \/><\/p>\n<p>Empresas de todo o pa\u00eds podem se inscrever. A assist\u00eancia aos neg\u00f3cios escolhidos ser\u00e1 feita de forma gratuita pelas incubadoras e aceleradoras de empresas associadas ao Programa Ideiaz \u2013\u00a0<em>Powered by InovAtiva<\/em>. A rede, que opera em todos os estados, tem como objetivo democratizar o atendimento t\u00e9cnico a empresas inovadoras, ampliando o alcance nacional de neg\u00f3cios que recebem assessoria t\u00e9cnica.<\/p>\n<p>Essa ser\u00e1 a terceira edi\u00e7\u00e3o do Programa Ideiaz. Nos ciclos anteriores, o programa avaliou mais de 620 projetos, dos quais 415 foram aprovados e receberam assist\u00eancia. Neste ano, o programa conta com 35 incubadoras e aceleradoras credenciadas e tem 15 na lista de espera.<\/p>\n<h2>Procedimentos<\/h2>\n<p>Podem inscrever-se empreendedores com projetos nas fases de cria\u00e7\u00e3o ou idea\u00e7\u00e3o, ou seja, cujo produto ainda n\u00e3o tenha sido comercializado ou cujo modelo de neg\u00f3cio ainda n\u00e3o esteja concretizado. Cerca de um ter\u00e7o das vagas ser\u00e3o destinadas \u00e0s ideias das regi\u00f5es Norte, Nordeste e Centro-Oeste. Outros 20% ir\u00e3o para projetos com impacto socioambiental positivo.<\/p>\n<p>As propostas ser\u00e3o avaliadas por um comit\u00ea de sele\u00e7\u00e3o composto por representantes do Sistema Sebrae, da Anprotec e da Secretaria Especial de Produtividade e Competitividade do Minist\u00e9rio da Economia. Tamb\u00e9m participa\u00e7\u00e3o da escolha parceiros como entidades de fomento, investidores, especialistas do setor produtivo e professores de universidades. At\u00e9 o fim de 2022, o programa pretende atingir a meta de mil projetos atendidos.<\/p>\n<p>Cada projeto selecionado ser\u00e1 encaminhado para um atendimento de dez semanas, totalmente\u00a0<em>online<\/em>, com uma das incubadoras ou aceleradoras credenciadas no Ideiaz. Os empreendimentos receber\u00e3o pelo menos 18 horas de apoio ao seu desenvolvimento. Desse total, pelo menos 10 horas ser\u00e3o de atendimento individualizado, que abranger\u00e1 as seguintes atividades:<\/p>\n<p>\u25cf\u00a0\u00a0 Mentoria;<br \/>\n\u25cf\u00a0\u00a0 Consultoria organizacional;<br \/>\n\u25cf\u00a0\u00a0 Suporte tecnol\u00f3gico;<br \/>\n\u25cf\u00a0\u00a0 Suporte para formaliza\u00e7\u00e3o do neg\u00f3cio;<br \/>\n\u25cf\u00a0\u00a0 Qualifica\u00e7\u00e3o empreendedora.<br \/>\nDepois do processo de capacita\u00e7\u00e3o, os projetos ser\u00e3o acompanhados e dever\u00e3o cumprir as seguintes metas: ter um modelo de neg\u00f3cios desenhado e validado, apresentar um prot\u00f3tipo do produto ou servi\u00e7o desenvolvido e avaliado por clientes e constituir um\u00a0<em>pitch<\/em>\u00a0(discurso) de venda e de defesa do neg\u00f3cio pronto.<\/p>\n<p>Cada projeto dever\u00e1 ter pelo menos dois integrantes para participarem das dez semanas de atendimento. A capacita\u00e7\u00e3o ir\u00e1 al\u00e9m das 18 horas de atendimento. A Anprotec recomenda que os integrantes da equipe dediquem pelo menos meio expediente por dia para desempenharem as atividades necess\u00e1rias para atingirem os resultados m\u00ednimos. O tempo necess\u00e1rio poder\u00e1 aumentar, de acordo com o n\u00edvel de conhecimento do time e da maturidade do projeto.<\/p>\n<p>Mais informa\u00e7\u00f5es podem ser obtidas no edital, dispon\u00edvel na p\u00e1gina do\u00a0<a href=\"http:\/\/%3Chttps\/\/programaideiaz.com.br\/%3E\" target=\"_blank\" rel=\"noopener\">Programa Ideiaz<\/a>\u00a0na internet. As d\u00favidas podem ser encaminhadas para o\u00a0<a href=\"http:\/\/ideiaz@anprotec.org.br.\/\" target=\"_blank\" rel=\"noopener\"><em>e-mail<\/em><\/a><a href=\"http:\/\/%3Chttps\/\/programaideiaz.com.br\/%3E\" target=\"_blank\" rel=\"noopener\">.<\/a><\/p>\n<h2>Cronograma<\/h2>\n<p>\u25cf\u00a0\u00a0 Per\u00edodo de inscri\u00e7\u00e3o: at\u00e9 10 de abril<br \/>\n\u25cf\u00a0\u00a0 Avalia\u00e7\u00e3o das propostas: de 11 a 20 de abril<br \/>\n\u25cf\u00a0\u00a0 Divulga\u00e7\u00e3o dos resultados: 29 de abril<br \/>\n\u25cf\u00a0\u00a0 Formaliza\u00e7\u00e3o da rela\u00e7\u00e3o entre ambientes e projetos: de 2 a 20 de maio<br \/>\n\u25cf\u00a0\u00a0 Per\u00edodo da capacita\u00e7\u00e3o: de 23 de maio a 29 de julho<br \/>\n\u25cf\u00a0\u00a0 Prazo final para a entrega dos resultados: 29 de julho<\/p>\n","protected":false},"excerpt":{"rendered":"<p>Terminam hoje (10) as inscri\u00e7\u00f5es para o programa que pretende ajudar gratuitamente projetos inovadores de&#8230;<\/p>\n","protected":false},"author":4,"featured_media":0,"comment_status":"closed","ping_status":"closed","sticky":false,"template":"","format":"standard","meta":{"footnotes":""},"categories":[9,22],"tags":[],"class_list":["post-11724009","post","type-post","status-publish","format-standard","hentry","category-economia","category-tecnologia"],"_links":{"self":[{"href":"https:\/\/www.corumbaonline.com.br\/news\/wp-json\/wp\/v2\/posts\/11724009","targetHints":{"allow":["GET"]}}],"collection":[{"href":"https:\/\/www.corumbaonline.com.br\/news\/wp-json\/wp\/v2\/posts"}],"about":[{"href":"https:\/\/www.corumbaonline.com.br\/news\/wp-json\/wp\/v2\/types\/post"}],"author":[{"embeddable":true,"href":"https:\/\/www.corumbaonline.com.br\/news\/wp-json\/wp\/v2\/users\/4"}],"replies":[{"embeddable":true,"href":"https:\/\/www.corumbaonline.com.br\/news\/wp-json\/wp\/v2\/comments?post=11724009"}],"version-history":[{"count":1,"href":"https:\/\/www.corumbaonline.com.br\/news\/wp-json\/wp\/v2\/posts\/11724009\/revisions"}],"predecessor-version":[{"id":11724010,"href":"https:\/\/www.corumbaonline.com.br\/news\/wp-json\/wp\/v2\/posts\/11724009\/revisions\/11724010"}],"wp:attachment":[{"href":"https:\/\/www.corumbaonline.com.br\/news\/wp-json\/wp\/v2\/media?parent=11724009"}],"wp:term":[{"taxonomy":"category","embeddable":true,"href":"https:\/\/www.corumbaonline.com.br\/news\/wp-json\/wp\/v2\/categories?post=11724009"},{"taxonomy":"post_tag","embeddable":true,"href":"https:\/\/www.corumbaonline.com.br\/news\/wp-json\/wp\/v2\/tags?post=11724009"}],"curies":[{"name":"wp","href":"https:\/\/api.w.org\/{rel}","templated":true}]}}