{"id":11724034,"date":"2022-04-11T09:29:00","date_gmt":"2022-04-11T13:29:00","guid":{"rendered":"http:\/\/www.corumbaonline.com.br\/news\/?p=11724034"},"modified":"2022-04-11T09:46:40","modified_gmt":"2022-04-11T13:46:40","slug":"enem-candidatos-tem-ate-sexta-feira-para-pedir-isencao-de-taxa","status":"publish","type":"post","link":"https:\/\/www.corumbaonline.com.br\/news\/enem-candidatos-tem-ate-sexta-feira-para-pedir-isencao-de-taxa\/","title":{"rendered":"Enem: candidatos t\u00eam at\u00e9 sexta-feira para pedir isen\u00e7\u00e3o de taxa"},"content":{"rendered":"<p>Termina\u00a0\u00e0s 23h59 da\u00a0pr\u00f3xima\u00a0sexta-feira\u00a0(15),\u00a0o prazo para que\u00a0estudantes que pretendem fazer o Exame Nacional do Ensino M\u00e9dio 2022 (Enem)\u00a0pe\u00e7am\u00a0a isen\u00e7\u00e3o da taxa de inscri\u00e7\u00e3o. O\u00a0requerimento\u00a0deve ser feito na\u00a0<a href=\"https:\/\/enem.inep.gov.br\/participante\/#!\/inicial\" target=\"_blank\" rel=\"noopener\">P\u00e1gina do Participante<\/a>.<img decoding=\"async\" src=\"https:\/\/agenciabrasil.ebc.com.br\/ebc.png?id=1453347&amp;o=node\" \/><img decoding=\"async\" src=\"https:\/\/agenciabrasil.ebc.com.br\/ebc.gif?id=1453347&amp;o=node\" \/><\/p>\n<p>Pelas regras do Enem, t\u00eam direito \u00e0 gratuidade todos os participantes\u00a0que se enquadram nas seguintes situa\u00e7\u00f5es:<\/p>\n<p>&#8211;\u00a0estar\u00a0na \u00faltima s\u00e9rie do ensino m\u00e9dio este ano em escolas p\u00fablicas;<\/p>\n<p>&#8211; ter cursado\u00a0todo o ensino m\u00e9dio em escola p\u00fablica ou sejam bolsistas integrais em escolas privadas. Os candidatos precisam\u00a0ter\u00a0renda igual ou inferior a um sal\u00e1rio m\u00ednimo e meio, ou seja, R$ 1.818, por pessoa;<\/p>\n<p>&#8211; participantes em situa\u00e7\u00e3o de vulnerabilidade socioecon\u00f4mica, por serem membros de fam\u00edlia de baixa renda, e que estejam inscritos no Cadastro \u00danico para Programas Sociais do Governo Federal (Cad\u00danico).<\/p>\n<h2>Documenta\u00e7\u00e3o<\/h2>\n<p>Entre os documentos exigidos\u00a0para a dispensa da taxa de inscri\u00e7\u00e3o\u00a0est\u00e3o\u00a0a c\u00e9dula de identidade do participante e dos demais membros que comp\u00f5em o n\u00facleo familiar; a c\u00f3pia do cart\u00e3o com o NIS v\u00e1lido, no qual est\u00e1 a inscri\u00e7\u00e3o no Cad\u00danico; uma declara\u00e7\u00e3o que comprove a realiza\u00e7\u00e3o de todo o ensino m\u00e9dio em escola p\u00fablica ou hist\u00f3rico escolar do ensino m\u00e9dio, com assinatura e carimbo da escola. No caso de participante bolsista, acrescentar a declara\u00e7\u00e3o da escola que comprove a condi\u00e7\u00e3o de bolsista integral em todo o ensino m\u00e9dio.<\/p>\n<h2>Faltosos<\/h2>\n<p>Outra situa\u00e7\u00e3o em que a taxa de inscri\u00e7\u00e3o pode ser dispensada \u00e9 a de\u00a0estudantes isentos no Enem 2021, que, por algum motivo, faltaram no dia da prova e desejam fazer o Enem 2022 gratuitamente. Os candidatos\u00a0devem tamb\u00e9m enviar documentos que justifiquem a aus\u00eancia\u00a0por meio de documentos como, por exemplo,\u00a0atestados m\u00e9dicos e boletins de ocorr\u00eancia. Somente ser\u00e3o aceitos documentos nos formatos PDF, PNG ou JPG, com o tamanho m\u00e1ximo de 2 MB.<\/p>\n<h2>Resultado<\/h2>\n<p>Os resultados, tanto da justificativa de aus\u00eancia quanto da solicita\u00e7\u00e3o de isen\u00e7\u00e3o da taxa de inscri\u00e7\u00e3o para o Enem 2022, ser\u00e3o divulgados em\u00a022 de abril, na P\u00e1gina do Participante. Quem tiver o pedido negado poder\u00e1 recorrer entre 25 e\u00a029 de abril. O resultado dos recursos ser\u00e1 divulgado em\u00a06 de maio.<\/p>\n<p>Al\u00e9m de fazer o pedido de isen\u00e7\u00e3o, para participar do Enem 2022\u00a0\u00e9 preciso se inscrever no exame. O edital com as datas das inscri\u00e7\u00f5es e das provas ainda n\u00e3o foi publicado pelo\u00a0Instituto Nacional de Estudos e Pesquisas Educacionais An\u00edsio Teixeira\u00a0(Inep).<\/p>\n<h2>Notas<\/h2>\n<p>As notas do Enem podem ser usadas para ingressar no ensino superior, em universidades p\u00fablicas e privadas, e para participar de programas federais como o Sistema de Sele\u00e7\u00e3o Unificada (Sisu), o Programa Universidade para Todos (ProUni) e o Fundo de Financiamento Estudantil (Fies).<\/p>\n","protected":false},"excerpt":{"rendered":"<p>Termina\u00a0\u00e0s 23h59 da\u00a0pr\u00f3xima\u00a0sexta-feira\u00a0(15),\u00a0o prazo para que\u00a0estudantes que pretendem fazer o Exame Nacional do Ensino M\u00e9dio&#8230;<\/p>\n","protected":false},"author":4,"featured_media":0,"comment_status":"closed","ping_status":"closed","sticky":false,"template":"","format":"standard","meta":{"footnotes":""},"categories":[10],"tags":[],"class_list":["post-11724034","post","type-post","status-publish","format-standard","hentry","category-educacao"],"_links":{"self":[{"href":"https:\/\/www.corumbaonline.com.br\/news\/wp-json\/wp\/v2\/posts\/11724034","targetHints":{"allow":["GET"]}}],"collection":[{"href":"https:\/\/www.corumbaonline.com.br\/news\/wp-json\/wp\/v2\/posts"}],"about":[{"href":"https:\/\/www.corumbaonline.com.br\/news\/wp-json\/wp\/v2\/types\/post"}],"author":[{"embeddable":true,"href":"https:\/\/www.corumbaonline.com.br\/news\/wp-json\/wp\/v2\/users\/4"}],"replies":[{"embeddable":true,"href":"https:\/\/www.corumbaonline.com.br\/news\/wp-json\/wp\/v2\/comments?post=11724034"}],"version-history":[{"count":1,"href":"https:\/\/www.corumbaonline.com.br\/news\/wp-json\/wp\/v2\/posts\/11724034\/revisions"}],"predecessor-version":[{"id":11724035,"href":"https:\/\/www.corumbaonline.com.br\/news\/wp-json\/wp\/v2\/posts\/11724034\/revisions\/11724035"}],"wp:attachment":[{"href":"https:\/\/www.corumbaonline.com.br\/news\/wp-json\/wp\/v2\/media?parent=11724034"}],"wp:term":[{"taxonomy":"category","embeddable":true,"href":"https:\/\/www.corumbaonline.com.br\/news\/wp-json\/wp\/v2\/categories?post=11724034"},{"taxonomy":"post_tag","embeddable":true,"href":"https:\/\/www.corumbaonline.com.br\/news\/wp-json\/wp\/v2\/tags?post=11724034"}],"curies":[{"name":"wp","href":"https:\/\/api.w.org\/{rel}","templated":true}]}}