{"id":11724036,"date":"2022-04-11T09:43:00","date_gmt":"2022-04-11T13:43:00","guid":{"rendered":"http:\/\/www.corumbaonline.com.br\/news\/?p=11724036"},"modified":"2022-04-11T09:50:23","modified_gmt":"2022-04-11T13:50:23","slug":"resultados-da-1a-etapa-do-revalida-serao-divulgados-dia-19","status":"publish","type":"post","link":"https:\/\/www.corumbaonline.com.br\/news\/resultados-da-1a-etapa-do-revalida-serao-divulgados-dia-19\/","title":{"rendered":"Resultados da 1\u00aa etapa do Revalida ser\u00e3o divulgados dia 19"},"content":{"rendered":"<p>Os resultados definitivos da prova objetiva e provis\u00f3rios da discursiva da primeira etapa do Exame Nacional de Revalida\u00e7\u00e3o de Diplomas M\u00e9dicos Expedidos por Institui\u00e7\u00e3o de Educa\u00e7\u00e3o Superior Estrangeira (Revalida) 2022\/1 ser\u00e3o disponibilizados no dia 19 de abril.<br \/>\nA atualiza\u00e7\u00e3o do cronograma se d\u00e1 em raz\u00e3o da implanta\u00e7\u00e3o, de forma in\u00e9dita, de uma nova m\u00e9trica visando a ratificar a nota final do participante a cada etapa, atribuindo o aprimoramento da governan\u00e7a plena no exame.\u00a0O Instituto Nacional de Estudos e Pesquisas Educacionais An\u00edsio Teixeira (Inep) formalizou a medida por meio da Retifica\u00e7\u00e3o do Edital n.\u00ba 3, de 6 de janeiro de 2022, publicada no Di\u00e1rio Oficial da Uni\u00e3o desta segunda-feira (11).<\/p>\n<p>A verifica\u00e7\u00e3o qualitativa ap\u00f3s a aplica\u00e7\u00e3o do exame, como \u00faltima confer\u00eancia dos resultados, \u00e9 uma decis\u00e3o do presidente do Inep, Danilo Dupas, e ser\u00e1 aplicada j\u00e1 nas pr\u00f3ximas edi\u00e7\u00f5es de todos os exames sob responsabilidade do Instituto.\u00a0\u201cA revis\u00e3o dos procedimentos foi uma iniciativa da minha gest\u00e3o focada na governan\u00e7a dos processos da Autarquia. Dessa forma, conseguimos identificar melhorias nas a\u00e7\u00f5es do Instituto, similar ao que j\u00e1 ocorre com o Enem e Enade, e promover mudan\u00e7as para que os participantes tenham seguran\u00e7a nos resultados das aplica\u00e7\u00f5es e garantirmos, assim, a isonomia dos exames\u201d, destacou o presidente.<\/p>\n<p>O resultado final da primeira etapa do Revalida 2022\/1 ser\u00e1 disponibilizado aos participantes no dia 11 de maio.\u00a0A aplica\u00e7\u00e3o da segunda etapa do exame est\u00e1 confirmada para os dias 25 e 26 de junho, conforme divulgado pelo Instituto em janeiro de 2022. Na ocasi\u00e3o, foi publicada a Portaria n.\u00ba 24\/2022, que estabeleceu, pela primeira vez, o cronograma completo de aplica\u00e7\u00e3o do ano dos exames e avalia\u00e7\u00f5es do Inep.<\/p>\n","protected":false},"excerpt":{"rendered":"<p>Os resultados definitivos da prova objetiva e provis\u00f3rios da discursiva da primeira etapa do Exame&#8230;<\/p>\n","protected":false},"author":20,"featured_media":0,"comment_status":"closed","ping_status":"closed","sticky":false,"template":"","format":"standard","meta":{"footnotes":""},"categories":[10],"tags":[],"class_list":["post-11724036","post","type-post","status-publish","format-standard","hentry","category-educacao"],"_links":{"self":[{"href":"https:\/\/www.corumbaonline.com.br\/news\/wp-json\/wp\/v2\/posts\/11724036","targetHints":{"allow":["GET"]}}],"collection":[{"href":"https:\/\/www.corumbaonline.com.br\/news\/wp-json\/wp\/v2\/posts"}],"about":[{"href":"https:\/\/www.corumbaonline.com.br\/news\/wp-json\/wp\/v2\/types\/post"}],"author":[{"embeddable":true,"href":"https:\/\/www.corumbaonline.com.br\/news\/wp-json\/wp\/v2\/users\/20"}],"replies":[{"embeddable":true,"href":"https:\/\/www.corumbaonline.com.br\/news\/wp-json\/wp\/v2\/comments?post=11724036"}],"version-history":[{"count":1,"href":"https:\/\/www.corumbaonline.com.br\/news\/wp-json\/wp\/v2\/posts\/11724036\/revisions"}],"predecessor-version":[{"id":11724037,"href":"https:\/\/www.corumbaonline.com.br\/news\/wp-json\/wp\/v2\/posts\/11724036\/revisions\/11724037"}],"wp:attachment":[{"href":"https:\/\/www.corumbaonline.com.br\/news\/wp-json\/wp\/v2\/media?parent=11724036"}],"wp:term":[{"taxonomy":"category","embeddable":true,"href":"https:\/\/www.corumbaonline.com.br\/news\/wp-json\/wp\/v2\/categories?post=11724036"},{"taxonomy":"post_tag","embeddable":true,"href":"https:\/\/www.corumbaonline.com.br\/news\/wp-json\/wp\/v2\/tags?post=11724036"}],"curies":[{"name":"wp","href":"https:\/\/api.w.org\/{rel}","templated":true}]}}