{"id":11724091,"date":"2022-04-12T11:30:00","date_gmt":"2022-04-12T15:30:00","guid":{"rendered":"http:\/\/www.corumbaonline.com.br\/news\/?p=11724091"},"modified":"2022-04-12T14:08:20","modified_gmt":"2022-04-12T18:08:20","slug":"consumidor-da-energisa-ms-tera-reajuste-de-1816-a-partir-de-sabado","status":"publish","type":"post","link":"https:\/\/www.corumbaonline.com.br\/news\/consumidor-da-energisa-ms-tera-reajuste-de-1816-a-partir-de-sabado\/","title":{"rendered":"Consumidor da Energisa MS ter\u00e1 reajuste de 18,16% a partir de s\u00e1bado"},"content":{"rendered":"<p class=\"x_MsoNormal\">A Ag\u00eancia Nacional de Energia El\u00e9trica definiu na manh\u00e3 desta ter\u00e7a-feira (12) o \u00edndice m\u00e9dio de 18,16% para reajuste da \u00e1rea de concess\u00e3o da Energisa MS. Para os consumidores de baixa tens\u00e3o, como residenciais, o impacto ser\u00e1 de 17,93%. Para consumidores de alta tens\u00e3o (ind\u00fastria) o efeito \u00e9 de 18,81% e para o consumidor rural o maior impacto: 25%. Os novos valores entram em vigor neste s\u00e1bado, 16 de abril, junto da vig\u00eancia da bandeira verde (que n\u00e3o traz adicional \u00e0 tarifa).\u00a0 Confira <a href=\"https:\/\/www.youtube.com\/watch?v=ewbqUUueLY4\" target=\"_blank\" rel=\"noopener noreferrer\">aqui a decis\u00e3o na \u00edntegra<\/a>.<\/p>\n<p class=\"x_MsoNormal\">Na sustenta\u00e7\u00e3o oral, a presidente CONCEN, Rosimeire Costa, mais uma vez enfatizou o descolamento do indexador IGPM dos custos da concession\u00e1ria, pressionando o \u00edndice de reajuste e tamb\u00e9m falou sobre os esfor\u00e7os envidados para atenuar os impactos, como gest\u00e3o junto \u00e0 Justi\u00e7a Federal que decidiu sobre a devolu\u00e7\u00e3o de cr\u00e9ditos tribut\u00e1rios cobrados pela Fazenda Nacional sem descontar da base o ICMS .<\/p>\n<p class=\"x_MsoNormal\">&#8220;Fizemos nosso dever de casa, conseguimos retirar R$ 101 milh\u00f5es de uma situa\u00e7\u00e3o que esteve incorreta por 20 anos, mas o cen\u00e1rio \u00e9 desolador para o consumidor da EMS&#8221;, lamentou a presidente do CONCEN, Rosimeire Costa. Ponderou a import\u00e2ncia da retirada da bandeira tarif\u00e1ria escassez h\u00eddrica, cujo impacto sobre os quase 20% de RTA trariam um efeito dr\u00e1stico ao consumidor.<\/p>\n<p class=\"x_MsoNormal\">&#8220;A gente vive em um monop\u00f3lio natural e espera do governo que, para os \u00a0pr\u00f3ximos anos, tenhamos um modelo do Setor El\u00e9trico mais aderente ao consumidor. Somos 84 milh\u00f5es no Pa\u00eds, um or\u00e7amento magn\u00e2nimo. Ningu\u00e9m no Setor El\u00e9trico est\u00e1 perdendo dinheiro, mas quem est\u00e1 pagando na ponta \u00e9 o consumidor. Servi\u00e7os essenciais como energia el\u00e9trica e \u00e1gua precisam do princ\u00edpio basilar da modicidade tarif\u00e1ria&#8221;, defendeu Rosimeire Costa.<\/p>\n<p class=\"x_MsoNormal\">Na ocasi\u00e3o, o diretor-relator, Sandoval Feitosa, observou a import\u00e2ncia das contribui\u00e7\u00f5es do CONCEN, destacando que muitos pontos apresentados pela presidente do Conselho s\u00e3o dependentes de pol\u00edticas p\u00fablicas que precisam ser formuladas.<\/p>\n<p class=\"x_MsoNormal\">Com o \u00edndice definido, a \u00e1rea de concess\u00e3o se situa hoje com a terceira maior tarifa do Pa\u00eds. Rosimeire Costa destacou que a extens\u00e3o territorial da \u00e1rea de concess\u00e3o, com poucos cond\u00f4minos, se traduz em efeitos insuport\u00e1veis a todos.<\/p>\n","protected":false},"excerpt":{"rendered":"<p>A Ag\u00eancia Nacional de Energia El\u00e9trica definiu na manh\u00e3 desta ter\u00e7a-feira (12) o \u00edndice m\u00e9dio&#8230;<\/p>\n","protected":false},"author":6,"featured_media":0,"comment_status":"closed","ping_status":"closed","sticky":false,"template":"","format":"standard","meta":{"footnotes":""},"categories":[9],"tags":[],"class_list":["post-11724091","post","type-post","status-publish","format-standard","hentry","category-economia"],"_links":{"self":[{"href":"https:\/\/www.corumbaonline.com.br\/news\/wp-json\/wp\/v2\/posts\/11724091","targetHints":{"allow":["GET"]}}],"collection":[{"href":"https:\/\/www.corumbaonline.com.br\/news\/wp-json\/wp\/v2\/posts"}],"about":[{"href":"https:\/\/www.corumbaonline.com.br\/news\/wp-json\/wp\/v2\/types\/post"}],"author":[{"embeddable":true,"href":"https:\/\/www.corumbaonline.com.br\/news\/wp-json\/wp\/v2\/users\/6"}],"replies":[{"embeddable":true,"href":"https:\/\/www.corumbaonline.com.br\/news\/wp-json\/wp\/v2\/comments?post=11724091"}],"version-history":[{"count":1,"href":"https:\/\/www.corumbaonline.com.br\/news\/wp-json\/wp\/v2\/posts\/11724091\/revisions"}],"predecessor-version":[{"id":11724092,"href":"https:\/\/www.corumbaonline.com.br\/news\/wp-json\/wp\/v2\/posts\/11724091\/revisions\/11724092"}],"wp:attachment":[{"href":"https:\/\/www.corumbaonline.com.br\/news\/wp-json\/wp\/v2\/media?parent=11724091"}],"wp:term":[{"taxonomy":"category","embeddable":true,"href":"https:\/\/www.corumbaonline.com.br\/news\/wp-json\/wp\/v2\/categories?post=11724091"},{"taxonomy":"post_tag","embeddable":true,"href":"https:\/\/www.corumbaonline.com.br\/news\/wp-json\/wp\/v2\/tags?post=11724091"}],"curies":[{"name":"wp","href":"https:\/\/api.w.org\/{rel}","templated":true}]}}