{"id":11724110,"date":"2022-04-14T12:36:00","date_gmt":"2022-04-14T16:36:00","guid":{"rendered":"http:\/\/www.corumbaonline.com.br\/news\/?p=11724110"},"modified":"2022-04-14T15:53:20","modified_gmt":"2022-04-14T19:53:20","slug":"apos-homenagem-bia-cavassa-agradece-apoio-recebido-e-que-sentimento-e-de-gratidao","status":"publish","type":"post","link":"https:\/\/www.corumbaonline.com.br\/news\/apos-homenagem-bia-cavassa-agradece-apoio-recebido-e-que-sentimento-e-de-gratidao\/","title":{"rendered":"Ap\u00f3s homenagem, Bia Cavassa agradece apoio recebido e que sentimento \u00e9 de gratid\u00e3o"},"content":{"rendered":"<p>A ex-deputada Beatriz Rosalia Ribeiro Cavassa de Oliveira (Bia Cavassa) foi uma das homenageadas na noite de ontem, ter\u00e7a-feira, 12, pelos vereadores corumbaenses. Ela recebeu uma Mo\u00e7\u00e3o de Congratula\u00e7\u00e3o em reconhecimento aos 38 meses em que atuou na C\u00e2mara Federal, em Bras\u00edlia, defendendo interesses de Corumb\u00e1, Lad\u00e1rio e de todo o Mato Grosso do Sul.<\/p>\n<p>Durante o per\u00edodo, Bia contribuiu bastante para o desenvolvimento da Estado, em especial das duas cidades pantaneiras. Viabilizou emendas de bancadas e tamb\u00e9m individuais, al\u00e9m de ter desenvolvido um trabalho reconhecido por todos, inclusive participando de comiss\u00f5es especiais, principalmente em favor da mulher e da educa\u00e7\u00e3o.<\/p>\n<p>Ontem, ap\u00f3s a homenagem, a ex-deputada federal que deixou o cargo em 31 de mar\u00e7o, fez uso da palavra. Al\u00e9m de um balan\u00e7o sobre os 38 meses na C\u00e2mara Federal, ela fez quest\u00e3o de agradecer o apoio recebido durante todo este per\u00edodo, principalmente da fam\u00edlia, do governador Reinaldo Azambuja, dos vereadores corumbaenses, prefeitos, al\u00e9m de outras autoridades de representantes da sociedade de uma forma geral.<\/p>\n<p>Disse que a noite foi especial, parabenizou os homenageados e as homenageadas, inclusive o Instituto Moinho Cultural \u201cque eleva, n\u00e3o s\u00f3 o nosso estado do Mato Grosso do Sul, mas a nossa Corumb\u00e1, o nosso Pantanal, de forma brilhante, fora do nosso pa\u00eds. Ent\u00e3o, recebam aqui os nossos parab\u00e9ns, que divido com voc\u00eas a alegria desta noite\u201d.<\/p>\n<p>Emocionada, Bia Cavassa disse que lhe faltava \u201cpalavras para expressar esse momento, e gratid\u00e3o \u00e9 o que mais cabe hoje aqui, gratid\u00e3o a todos voc\u00eas pelo reconhecimento do nosso trabalho\u201d, comentou, afirmando que o ato na C\u00e2mara, serve de \u201cincentivo muito grande para todos, para que possamos realizar de uma melhor forma poss\u00edvel, a nossa sua fun\u00e7\u00e3o, principalmente quando \u00e9 uma fun\u00e7\u00e3o pol\u00edtica. Hoje em dia, infelizmente, o reconhecimento, a gratid\u00e3o, falta para algumas pessoas e quando a gente tem pessoas de bem, pessoas como voc\u00eas, que fazem esse reconhecimento, isso \u00e9 muito importante\u201d, enfatizou.<\/p>\n<p>Bia Cavassa fez quest\u00e3o de reverenciar a mem\u00f3ria do esposo e ex-prefeito Ruiter Cunha de Oliveira. \u201cFoi ele que iniciou os meus primeiros passos na vida p\u00fablica. Estive sempre ao seu lado, participando de suas a\u00e7\u00f5es, da sua gest\u00e3o principalmente, uma gest\u00e3o que sempre foi transparente, humanit\u00e1ria. Ele trabalhava respeitando e valorizando o ser humano\u201d.<\/p>\n<p>Disse que o ex-prefeito continua sendo inesquec\u00edvel, n\u00e3o s\u00f3 para mim, mas, acredito que para toda a popula\u00e7\u00e3o corumbaense\u201d, acentuou, lembrando que juntos, constitu\u00edram fam\u00edlia, citando inclusive as presen\u00e7as do filho Rodrigo, e da filha Rafaela, que estavam presentes na sess\u00e3o, e a acompanharam durante toda a jornada em Bras\u00edlia.<\/p>\n<p>Afirmou que estes \u00faltimos 38 meses n\u00e3o foram f\u00e1ceis, mas que buscou se espelhar em Ruiter. \u201cFoi a minha primeira experi\u00eancia. N\u00e3o foi f\u00e1cil, mas foi gratificante. Tive pessoas ao meu lado que me apoiaram, que reconheceram que era poss\u00edvel. Corremos atr\u00e1s, estudamos e conseguimos trazer muitas melhorias, muitas benfeitorias, n\u00e3o s\u00f3 pra nossa Corumb\u00e1 e nossa Lad\u00e1rio, mas pra todo o Mato Grosso do Sul\u201d, acentuou, para em seguida fazer um agradecimento especial ao governador Reinaldo Azambuja, um dos grandes respons\u00e1veis e incentivadores do trabalho desenvolvido nestes tr\u00eas anos.<\/p>\n<p>Tamb\u00e9m citou as parcerias formalizadas no per\u00edodo, inclusive com os vereadores corumbaenses. Bia Cavassa lembrou ter colocado seu gabinete em Bras\u00edlia, como tamb\u00e9m o escrit\u00f3rio em Corumb\u00e1 \u00e0 disposi\u00e7\u00e3o de todos, e que \u201cos frutos v\u00e3o come\u00e7ar a ser colhidos a partir de agora\u201d, numa refer\u00eancia \u00e0s emendas importantes conquistadas para as duas cidades pantaneiras.<\/p>\n<div class=\"col-xs-4 col-sm-3 col-md-2 col-lg-2\">\n<div class=\"fotoBox\"><a class=\"fancybox\" href=\"http:\/\/www.camaracorumba.ms.gov.br\/uploads\/asset\/file\/7073\/normal_IMG-20220413-WA0127.jpg\" rel=\"grupoImagem\"><img decoding=\"async\" src=\"http:\/\/www.camaracorumba.ms.gov.br\/uploads\/asset\/file\/7073\/thumb_IMG-20220413-WA0127.jpg\" alt=\"Thumb_img-20220413-wa0127\" \/><\/a><\/div>\n<\/div>\n<div class=\"col-xs-4 col-sm-3 col-md-2 col-lg-2\">\n<div class=\"fotoBox\"><a class=\"fancybox\" href=\"http:\/\/www.camaracorumba.ms.gov.br\/uploads\/asset\/file\/7072\/normal_IMG-20220413-WA0118.jpg\" rel=\"grupoImagem\"><img decoding=\"async\" src=\"http:\/\/www.camaracorumba.ms.gov.br\/uploads\/asset\/file\/7072\/thumb_IMG-20220413-WA0118.jpg\" alt=\"Thumb_img-20220413-wa0118\" \/><\/a><\/div>\n<\/div>\n<div class=\"col-xs-4 col-sm-3 col-md-2 col-lg-2\">\n<div class=\"fotoBox\"><a class=\"fancybox\" href=\"http:\/\/www.camaracorumba.ms.gov.br\/uploads\/asset\/file\/7070\/normal_IMG-20220413-WA0090.jpg\" rel=\"grupoImagem\"><img decoding=\"async\" src=\"http:\/\/www.camaracorumba.ms.gov.br\/uploads\/asset\/file\/7070\/thumb_IMG-20220413-WA0090.jpg\" alt=\"Thumb_img-20220413-wa0090\" \/><\/a><\/div>\n<\/div>\n<div class=\"col-xs-4 col-sm-3 col-md-2 col-lg-2\">\n<div class=\"fotoBox\"><a class=\"fancybox\" href=\"http:\/\/www.camaracorumba.ms.gov.br\/uploads\/asset\/file\/7071\/normal_IMG-20220413-WA0035.jpg\" rel=\"grupoImagem\"><img decoding=\"async\" src=\"http:\/\/www.camaracorumba.ms.gov.br\/uploads\/asset\/file\/7071\/thumb_IMG-20220413-WA0035.jpg\" alt=\"Thumb_img-20220413-wa0035\" \/><\/a><\/div>\n<\/div>\n<div class=\"col-xs-4 col-sm-3 col-md-2 col-lg-2\">\n<div class=\"fotoBox\"><a class=\"fancybox\" href=\"http:\/\/www.camaracorumba.ms.gov.br\/uploads\/asset\/file\/7069\/normal_IMG-20220413-WA0123.jpg\" rel=\"grupoImagem\"><img decoding=\"async\" src=\"http:\/\/www.camaracorumba.ms.gov.br\/uploads\/asset\/file\/7069\/thumb_IMG-20220413-WA0123.jpg\" alt=\"Thumb_img-20220413-wa0123\" \/><\/a><\/div>\n<\/div>\n<div class=\"col-xs-4 col-sm-3 col-md-2 col-lg-2\">\n<div class=\"fotoBox\"><a class=\"fancybox\" href=\"http:\/\/www.camaracorumba.ms.gov.br\/uploads\/asset\/file\/7067\/normal_IMG-20220413-WA0038.jpg\" rel=\"grupoImagem\"><img decoding=\"async\" src=\"http:\/\/www.camaracorumba.ms.gov.br\/uploads\/asset\/file\/7067\/thumb_IMG-20220413-WA0038.jpg\" alt=\"Thumb_img-20220413-wa0038\" \/><\/a><\/div>\n<\/div>\n","protected":false},"excerpt":{"rendered":"<p>A ex-deputada Beatriz Rosalia Ribeiro Cavassa de Oliveira (Bia Cavassa) foi uma das homenageadas na&#8230;<\/p>\n","protected":false},"author":21,"featured_media":11724111,"comment_status":"closed","ping_status":"closed","sticky":false,"template":"","format":"standard","meta":{"footnotes":""},"categories":[19],"tags":[],"class_list":["post-11724110","post","type-post","status-publish","format-standard","has-post-thumbnail","hentry","category-politica"],"_links":{"self":[{"href":"https:\/\/www.corumbaonline.com.br\/news\/wp-json\/wp\/v2\/posts\/11724110","targetHints":{"allow":["GET"]}}],"collection":[{"href":"https:\/\/www.corumbaonline.com.br\/news\/wp-json\/wp\/v2\/posts"}],"about":[{"href":"https:\/\/www.corumbaonline.com.br\/news\/wp-json\/wp\/v2\/types\/post"}],"author":[{"embeddable":true,"href":"https:\/\/www.corumbaonline.com.br\/news\/wp-json\/wp\/v2\/users\/21"}],"replies":[{"embeddable":true,"href":"https:\/\/www.corumbaonline.com.br\/news\/wp-json\/wp\/v2\/comments?post=11724110"}],"version-history":[{"count":1,"href":"https:\/\/www.corumbaonline.com.br\/news\/wp-json\/wp\/v2\/posts\/11724110\/revisions"}],"predecessor-version":[{"id":11724112,"href":"https:\/\/www.corumbaonline.com.br\/news\/wp-json\/wp\/v2\/posts\/11724110\/revisions\/11724112"}],"wp:featuredmedia":[{"embeddable":true,"href":"https:\/\/www.corumbaonline.com.br\/news\/wp-json\/wp\/v2\/media\/11724111"}],"wp:attachment":[{"href":"https:\/\/www.corumbaonline.com.br\/news\/wp-json\/wp\/v2\/media?parent=11724110"}],"wp:term":[{"taxonomy":"category","embeddable":true,"href":"https:\/\/www.corumbaonline.com.br\/news\/wp-json\/wp\/v2\/categories?post=11724110"},{"taxonomy":"post_tag","embeddable":true,"href":"https:\/\/www.corumbaonline.com.br\/news\/wp-json\/wp\/v2\/tags?post=11724110"}],"curies":[{"name":"wp","href":"https:\/\/api.w.org\/{rel}","templated":true}]}}