{"id":11724128,"date":"2022-04-15T09:03:00","date_gmt":"2022-04-15T13:03:00","guid":{"rendered":"http:\/\/www.corumbaonline.com.br\/news\/?p=11724128"},"modified":"2022-04-15T09:00:12","modified_gmt":"2022-04-15T13:00:12","slug":"atencao-produtores-etapas-de-vacinacao-contra-aftosa-estao-invertidas-no-ms","status":"publish","type":"post","link":"https:\/\/www.corumbaonline.com.br\/news\/atencao-produtores-etapas-de-vacinacao-contra-aftosa-estao-invertidas-no-ms\/","title":{"rendered":"Aten\u00e7\u00e3o produtores: Etapas de vacina\u00e7\u00e3o contra aftosa est\u00e3o invertidas no MS"},"content":{"rendered":"<p>O novo calend\u00e1rio oficial de vacina\u00e7\u00e3o contra aftosa em Mato Grosso do Sul, publicado nesta semana no Di\u00e1rio Oficial do Estado, prev\u00ea a invers\u00e3o das etapas. Portanto, os pecuaristas dever\u00e3o vacinar todos os bovinos e bubalinos com at\u00e9 vinte e quatro meses de idade na primeira etapa (em maio) e, todo o rebanho bovino e bubalino, de mamando a caducando, na segunda etapa (em novembro).<\/p>\n<p>O Diretor Presidente da Iagro, Daniel Ingold, explicou que a decis\u00e3o atende determina\u00e7\u00e3o do Minist\u00e9rio da Agricultura, pecu\u00e1ria e Abastecimento e foi definida somente para os Estados que comp\u00f5em o Bloco IV dentro do Plano Estrat\u00e9gico do Programa Nacional de Vigil\u00e2ncia da Febre Aftosa (PE-PNEFA).<\/p>\n<p>Segundo ele essa invers\u00e3o ser\u00e1 ben\u00e9fica para o Estado que vacinar\u00e1 todo o rebanho em novembro.<\/p>\n<p>Al\u00e9m de Mato Grosso do Sul no bloco est\u00e3o ainda os Estados da Bahia, Distrito Federal, Espirito Santo, Goi\u00e1s, Minas Gerais, Mato Grosso, Rio de Janeiro, Sergipe, S\u00e3o Paulo e Tocantins. Juntos os dez Estados somam aproximadamente 61,3 milh\u00f5es de bovinos e bubalinos de zero a 24 meses que dever\u00e3o ser imunizados no m\u00eas de maio de 2022.<\/p>\n<p>A portaria ainda determina ainda que os Estabelecimentos rurais com saldo de rebanho bovino e\/ou bubalino (levando-se em considera\u00e7\u00e3o a regi\u00e3o sanit\u00e1ria de localiza\u00e7\u00e3o) dever\u00e3o seguir o calend\u00e1rio de vacina\u00e7\u00e3o contra a Febre Aftosa para cada regi\u00e3o sanit\u00e1ria, que hoje s\u00e3o duas: Planalto e Pantanal.<\/p>\n","protected":false},"excerpt":{"rendered":"<p>O novo calend\u00e1rio oficial de vacina\u00e7\u00e3o contra aftosa em Mato Grosso do Sul, publicado nesta&#8230;<\/p>\n","protected":false},"author":13,"featured_media":31968,"comment_status":"closed","ping_status":"closed","sticky":false,"template":"","format":"standard","meta":{"footnotes":""},"categories":[2],"tags":[],"class_list":["post-11724128","post","type-post","status-publish","format-standard","has-post-thumbnail","hentry","category-agropecuaria"],"_links":{"self":[{"href":"https:\/\/www.corumbaonline.com.br\/news\/wp-json\/wp\/v2\/posts\/11724128","targetHints":{"allow":["GET"]}}],"collection":[{"href":"https:\/\/www.corumbaonline.com.br\/news\/wp-json\/wp\/v2\/posts"}],"about":[{"href":"https:\/\/www.corumbaonline.com.br\/news\/wp-json\/wp\/v2\/types\/post"}],"author":[{"embeddable":true,"href":"https:\/\/www.corumbaonline.com.br\/news\/wp-json\/wp\/v2\/users\/13"}],"replies":[{"embeddable":true,"href":"https:\/\/www.corumbaonline.com.br\/news\/wp-json\/wp\/v2\/comments?post=11724128"}],"version-history":[{"count":1,"href":"https:\/\/www.corumbaonline.com.br\/news\/wp-json\/wp\/v2\/posts\/11724128\/revisions"}],"predecessor-version":[{"id":11724129,"href":"https:\/\/www.corumbaonline.com.br\/news\/wp-json\/wp\/v2\/posts\/11724128\/revisions\/11724129"}],"wp:featuredmedia":[{"embeddable":true,"href":"https:\/\/www.corumbaonline.com.br\/news\/wp-json\/wp\/v2\/media\/31968"}],"wp:attachment":[{"href":"https:\/\/www.corumbaonline.com.br\/news\/wp-json\/wp\/v2\/media?parent=11724128"}],"wp:term":[{"taxonomy":"category","embeddable":true,"href":"https:\/\/www.corumbaonline.com.br\/news\/wp-json\/wp\/v2\/categories?post=11724128"},{"taxonomy":"post_tag","embeddable":true,"href":"https:\/\/www.corumbaonline.com.br\/news\/wp-json\/wp\/v2\/tags?post=11724128"}],"curies":[{"name":"wp","href":"https:\/\/api.w.org\/{rel}","templated":true}]}}