{"id":11724149,"date":"2022-04-15T16:21:02","date_gmt":"2022-04-15T20:21:02","guid":{"rendered":"http:\/\/www.corumbaonline.com.br\/news\/?p=11724149"},"modified":"2022-04-15T16:21:04","modified_gmt":"2022-04-15T20:21:04","slug":"internacional-demite-medina-apos-empate-na-sul-americana","status":"publish","type":"post","link":"https:\/\/www.corumbaonline.com.br\/news\/internacional-demite-medina-apos-empate-na-sul-americana\/","title":{"rendered":"Internacional demite Medina ap\u00f3s empate na Sul-Americana"},"content":{"rendered":"<p class=\"text\">O uruguaio Alexander Medina n\u00e3o \u00e9 mais o treinador do Internacional. No come\u00e7o da tarde desta sexta-feira, ap\u00f3s reuni\u00e3o da diretoria do time ga\u00facho, o an\u00fancio do desligamento do comandante foi oficializado atrav\u00e9s de nota oficial da equipe. Medina ficou no cargo por 17 partidas e teve aproveitamento de 47%.<\/p>\n<p class=\"text\">&#8220;O Sport Club Internacional comunica que Alexander Medina n\u00e3o \u00e9 mais t\u00e9cnico do time. Tamb\u00e9m deixam o clube os auxiliares Fernando Machado e Jadson Vieira; os preparadores f\u00edsicos Alexis Olariaga e Richard Gonz\u00e1lez; e o analista de desempenho Mariano Levisman. O Clube agradece e deseja sorte e sucesso na sequ\u00eancia de suas carreiras. O auxiliar t\u00e9cnico Cauan de Almeida assume como interino a partir do treino de s\u00e1bado&#8221;, diz a nota oficial do Internacional.<\/p>\n<p class=\"text\" dir=\"ltr\"><b>Alexander Medina no Internacional<\/b><\/p>\n<p class=\"text\">Ap\u00f3s uma temporada de 2021 com Diego Aguirre, o Internacional seguiu com um t\u00e9cnico estrangeiro e em dezembro anunciou Alexander Medina como comandante para 2022. Ap\u00f3s um per\u00edodo de treinos, o treinador n\u00e3o conseguiu colocar em campo o que se esperava da equipe. Ainda pelo estadual, Medina conviveu com a press\u00e3o, cobran\u00e7as e questionamentos por parte dos torcedores.<\/p>\n<div id=\"ad-offers\" class=\"ad-video-inread\"><\/div>\n<p class=\"text\">Na fase eliminat\u00f3ria do Campeonato Ga\u00facho, o Internacional foi eliminado pelo Gr\u00eamio, perdendo em casa por 3 a 0. Al\u00e9m disso, o time de Medina n\u00e3o passou da primeira fase da Copa do Brasil, sendo derrotado pelo Globo por 2 a 0 fora de casa. Mesmo com o momento ruim, o treinador uruguaio foi mantido no cargo para o come\u00e7o do Brasileir\u00e3o e da Copa Sul-Americana.<\/p>\n<p class=\"text\">Contudo, o in\u00edcio n\u00e3o mostrou evolu\u00e7\u00e3o da equipe em casa. No campeonato nacional, o Internacional come\u00e7ou sendo derrotado pelo Atl\u00e9tico-MG, fora de casa, na rodada de abertura. J\u00e1 na Sul-Americana, os ga\u00fachos empataram nas duas primeiras rodadas, contra 9 de Octubre, do Equador, e Guaire\u00f1a, do Paraguai. Com a sequ\u00eancia de resultados, a diretoria optou pela sa\u00edda do treinador.<\/p>\n<p class=\"text\" dir=\"ltr\"><b>Alexander Medina no comando do Internacional<\/b><\/p>\n<p class=\"text\" dir=\"ltr\">17 jogos<\/p>\n<p class=\"text\">6 vit\u00f3rias<\/p>\n<p class=\"text\">6 empates<\/p>\n<p class=\"text\">5 derrotas<\/p>\n<p class=\"text\">17 gols marcados<\/p>\n<p class=\"text\">20 gols sofridos<\/p>\n<p class=\"text\">47% de aproveitamento<\/p>\n","protected":false},"excerpt":{"rendered":"<p>O uruguaio Alexander Medina n\u00e3o \u00e9 mais o treinador do Internacional. No come\u00e7o da tarde&#8230;<\/p>\n","protected":false},"author":11,"featured_media":0,"comment_status":"closed","ping_status":"closed","sticky":false,"template":"","format":"standard","meta":{"footnotes":""},"categories":[11],"tags":[],"class_list":["post-11724149","post","type-post","status-publish","format-standard","hentry","category-esporte"],"_links":{"self":[{"href":"https:\/\/www.corumbaonline.com.br\/news\/wp-json\/wp\/v2\/posts\/11724149","targetHints":{"allow":["GET"]}}],"collection":[{"href":"https:\/\/www.corumbaonline.com.br\/news\/wp-json\/wp\/v2\/posts"}],"about":[{"href":"https:\/\/www.corumbaonline.com.br\/news\/wp-json\/wp\/v2\/types\/post"}],"author":[{"embeddable":true,"href":"https:\/\/www.corumbaonline.com.br\/news\/wp-json\/wp\/v2\/users\/11"}],"replies":[{"embeddable":true,"href":"https:\/\/www.corumbaonline.com.br\/news\/wp-json\/wp\/v2\/comments?post=11724149"}],"version-history":[{"count":1,"href":"https:\/\/www.corumbaonline.com.br\/news\/wp-json\/wp\/v2\/posts\/11724149\/revisions"}],"predecessor-version":[{"id":11724150,"href":"https:\/\/www.corumbaonline.com.br\/news\/wp-json\/wp\/v2\/posts\/11724149\/revisions\/11724150"}],"wp:attachment":[{"href":"https:\/\/www.corumbaonline.com.br\/news\/wp-json\/wp\/v2\/media?parent=11724149"}],"wp:term":[{"taxonomy":"category","embeddable":true,"href":"https:\/\/www.corumbaonline.com.br\/news\/wp-json\/wp\/v2\/categories?post=11724149"},{"taxonomy":"post_tag","embeddable":true,"href":"https:\/\/www.corumbaonline.com.br\/news\/wp-json\/wp\/v2\/tags?post=11724149"}],"curies":[{"name":"wp","href":"https:\/\/api.w.org\/{rel}","templated":true}]}}