{"id":11724250,"date":"2022-04-19T09:36:00","date_gmt":"2022-04-19T13:36:00","guid":{"rendered":"http:\/\/www.corumbaonline.com.br\/news\/?p=11724250"},"modified":"2022-04-19T10:14:42","modified_gmt":"2022-04-19T14:14:42","slug":"vereador-pede-que-legislacao-de-transito-seja-aplicada-de-forma-homogenea","status":"publish","type":"post","link":"https:\/\/www.corumbaonline.com.br\/news\/vereador-pede-que-legislacao-de-transito-seja-aplicada-de-forma-homogenea\/","title":{"rendered":"Vereador pede que legisla\u00e7\u00e3o de tr\u00e2nsito seja aplicada de forma homog\u00eanea"},"content":{"rendered":"<p>O vereador Yussef Salla est\u00e1 reivindicando junto \u00e0s autoridades locais, a aplica\u00e7\u00e3o homog\u00eanea da legisla\u00e7\u00e3o de tr\u00e2nsito a todos os ve\u00edculos que est\u00e3o em condi\u00e7\u00f5es irregulares no per\u00edmetro urbano de Corumb\u00e1.<\/p>\n<p>O pedido foi feito por meio de requerimento apresentado na sess\u00e3o de ontem, segunda-feira, 18, da C\u00e2mara, e direcionado ao diretor da Ag\u00eancia Municipal de Tr\u00e2nsito e Transporte, Paulo Andr\u00e9 de Ara\u00fajo Junior, bem como a comandante do 6\u00ba Batalh\u00e3o de Pol\u00edcia Militar, tenente-coronel Leticia Raquel Lopes Ramos, e \u00e0 gerente do Detran Laura Cavassa.<\/p>\n<p>O vereador explicou que \u00e9 preciso que os respons\u00e1veis pela fiscaliza\u00e7\u00e3o do tr\u00e2nsito na cidade, punam as irregularidades cometidas por motoristas, independentes da nacionalidade.<\/p>\n<p>Ele disse ter constatado aplica\u00e7\u00e3o de multa a um propriet\u00e1rio de ve\u00edculo brasileiro, enquanto outros, de origem estrangeira, na mesma situa\u00e7\u00e3o, n\u00e3o receberam o mesmo tratamento.<\/p>\n<p>Por isso mesmo, Yussef pediu informa\u00e7\u00f5es junto \u00e0s autoridades locais, quanto o sistema de aplica\u00e7\u00e3o de multas a carros estrangeiros que cometem o mesmo tipo de infra\u00e7\u00e3o e n\u00e3o s\u00e3o penalizados.<\/p>\n<p>Pediu ainda a ado\u00e7\u00e3o de medidas cab\u00edveis durante o carnaval para minimizar as infra\u00e7\u00f5es que est\u00e3o ocorrendo no centro da cidade, e sugeriu ainda \u00e0 Agetrat e a Pol\u00edcia Militar, que reivindiquem sistema utilizado pela Pol\u00edcia Rodovi\u00e1ria Federal que providencia o guincho do ve\u00edculo estrangeiro, s\u00f3 liberando ap\u00f3s regulariza\u00e7\u00e3o e pagamento de estadia.<\/p>\n<p>LIMPEZA<\/p>\n<p>Por outro lado, na mesma sess\u00e3o, Yussef solicitou ao secret\u00e1rio Ricardo Ametlla, de Infraestrutura e Servi\u00e7os P\u00fablicos, servi\u00e7os de limpeza da cal\u00e7ada na Rua Bahia, trecho entre as ruas Marechal Deodoro e a Rep\u00fablica do Paraguai, em atendimento a pedidos dos moradores que reclamam dos perigos e problemas que enfrentam com o mato tomando conta da cal\u00e7ada, obrigando-os\u00a0 transitar pela rua.<\/p>\n","protected":false},"excerpt":{"rendered":"<p>O vereador Yussef Salla est\u00e1 reivindicando junto \u00e0s autoridades locais, a aplica\u00e7\u00e3o homog\u00eanea da legisla\u00e7\u00e3o&#8230;<\/p>\n","protected":false},"author":63,"featured_media":0,"comment_status":"closed","ping_status":"closed","sticky":false,"template":"","format":"standard","meta":{"footnotes":""},"categories":[19],"tags":[],"class_list":["post-11724250","post","type-post","status-publish","format-standard","hentry","category-politica"],"_links":{"self":[{"href":"https:\/\/www.corumbaonline.com.br\/news\/wp-json\/wp\/v2\/posts\/11724250","targetHints":{"allow":["GET"]}}],"collection":[{"href":"https:\/\/www.corumbaonline.com.br\/news\/wp-json\/wp\/v2\/posts"}],"about":[{"href":"https:\/\/www.corumbaonline.com.br\/news\/wp-json\/wp\/v2\/types\/post"}],"author":[{"embeddable":true,"href":"https:\/\/www.corumbaonline.com.br\/news\/wp-json\/wp\/v2\/users\/63"}],"replies":[{"embeddable":true,"href":"https:\/\/www.corumbaonline.com.br\/news\/wp-json\/wp\/v2\/comments?post=11724250"}],"version-history":[{"count":1,"href":"https:\/\/www.corumbaonline.com.br\/news\/wp-json\/wp\/v2\/posts\/11724250\/revisions"}],"predecessor-version":[{"id":11724251,"href":"https:\/\/www.corumbaonline.com.br\/news\/wp-json\/wp\/v2\/posts\/11724250\/revisions\/11724251"}],"wp:attachment":[{"href":"https:\/\/www.corumbaonline.com.br\/news\/wp-json\/wp\/v2\/media?parent=11724250"}],"wp:term":[{"taxonomy":"category","embeddable":true,"href":"https:\/\/www.corumbaonline.com.br\/news\/wp-json\/wp\/v2\/categories?post=11724250"},{"taxonomy":"post_tag","embeddable":true,"href":"https:\/\/www.corumbaonline.com.br\/news\/wp-json\/wp\/v2\/tags?post=11724250"}],"curies":[{"name":"wp","href":"https:\/\/api.w.org\/{rel}","templated":true}]}}