{"id":11724261,"date":"2022-04-19T10:31:00","date_gmt":"2022-04-19T14:31:00","guid":{"rendered":"http:\/\/www.corumbaonline.com.br\/news\/?p=11724261"},"modified":"2022-04-19T11:51:13","modified_gmt":"2022-04-19T15:51:13","slug":"governo-decreta-ponto-facultativo-em-22-de-abril-e-espera-fomentar-turismo","status":"publish","type":"post","link":"https:\/\/www.corumbaonline.com.br\/news\/governo-decreta-ponto-facultativo-em-22-de-abril-e-espera-fomentar-turismo\/","title":{"rendered":"Governo decreta ponto facultativo em 22 de abril e espera fomentar turismo"},"content":{"rendered":"<p data-uw-styling-context=\"true\">Decreto publicado nesta ter\u00e7a-feira, dia 19, declara ponto facultativo na pr\u00f3xima sexta-feira, dia 22 de abril. Com a medida o governador Reinaldo Azambuja espera fomentar o turismo em Mato Grosso do Sul, j\u00e1 que neste per\u00edodo acontecem os desfiles das Escolas de Samba, na Capital e em algumas cidades do interior do Estado.<\/p>\n<p data-uw-styling-context=\"true\">Lembrando que o ponto facultativo n\u00e3o vale para as unidades e servi\u00e7os considerados essenciais que, por sua natureza, n\u00e3o possam ser paralisados ou interrompidos.<\/p>\n<p data-uw-styling-context=\"true\">J\u00e1 a quinta-feira, dia 21, feriado de Tiradentes, lembra a luta de Joaquim Jos\u00e9 da Silva Xavier, enforcado em pra\u00e7a p\u00fablica, no Rio de Janeiro, em 21 de abril de 1792. Ele participou ativamente da Inconfid\u00eancia Mineira e foi condenado \u00e0 pena de morte.<\/p>\n<p data-uw-styling-context=\"true\">Ainda falando de Carnaval: O carnaval de rua fora de \u00e9poca de Campo Grande e Corumb\u00e1 conta com apoio financeiro do Governo do Estado, por meio da Funda\u00e7\u00e3o de Cultura. Os repasses j\u00e1 transferidos para as entidades carnavalescas, totalizando R$ 1,2 milh\u00e3o, e contemplam as escolas de samba e os blocos oficiais.<\/p>\n<p data-uw-styling-context=\"true\">Considerado o mais tradicional e melhor carnaval do interior brasileiro, Corumb\u00e1 recebeu R$ 760 mil: R$ 400 mil para as escolas de samba e R$ 220 mil para os blocos. O Governo do Estado ainda liberou R$ 140 mil par custear despesas na organiza\u00e7\u00e3o da folia pantaneira, que ter\u00e1 dois shows nacionais: Tatau (ex-vocalista da banda Araketu), no dia 20, e Chiclete com Banana, no dia 24.<\/p>\n<p data-uw-styling-context=\"true\">J\u00e1 para as escolas de samba de Campo Grande o Governo do Estado destinou R$ 500 mil. Na Capital, o desfile ocorrer\u00e1 em tr\u00eas dias, na Pra\u00e7a do Papa (Bairro Santo Amaro). No dia 20, saem as escolas Herdeiros do Samba e Cinderela Tradi\u00e7\u00e3o do Jos\u00e9 Abr\u00e3o; no dia 21, Deixa Falar, Vila Carvalho e Unidos do Bairro Cruzeiro; e no dia 22, Igrejinha e os Catedr\u00e1ticos do Samba.<\/p>\n","protected":false},"excerpt":{"rendered":"<p>Decreto publicado nesta ter\u00e7a-feira, dia 19, declara ponto facultativo na pr\u00f3xima sexta-feira, dia 22 de&#8230;<\/p>\n","protected":false},"author":13,"featured_media":0,"comment_status":"closed","ping_status":"closed","sticky":false,"template":"","format":"standard","meta":{"footnotes":""},"categories":[23],"tags":[],"class_list":["post-11724261","post","type-post","status-publish","format-standard","hentry","category-turismo"],"_links":{"self":[{"href":"https:\/\/www.corumbaonline.com.br\/news\/wp-json\/wp\/v2\/posts\/11724261","targetHints":{"allow":["GET"]}}],"collection":[{"href":"https:\/\/www.corumbaonline.com.br\/news\/wp-json\/wp\/v2\/posts"}],"about":[{"href":"https:\/\/www.corumbaonline.com.br\/news\/wp-json\/wp\/v2\/types\/post"}],"author":[{"embeddable":true,"href":"https:\/\/www.corumbaonline.com.br\/news\/wp-json\/wp\/v2\/users\/13"}],"replies":[{"embeddable":true,"href":"https:\/\/www.corumbaonline.com.br\/news\/wp-json\/wp\/v2\/comments?post=11724261"}],"version-history":[{"count":1,"href":"https:\/\/www.corumbaonline.com.br\/news\/wp-json\/wp\/v2\/posts\/11724261\/revisions"}],"predecessor-version":[{"id":11724262,"href":"https:\/\/www.corumbaonline.com.br\/news\/wp-json\/wp\/v2\/posts\/11724261\/revisions\/11724262"}],"wp:attachment":[{"href":"https:\/\/www.corumbaonline.com.br\/news\/wp-json\/wp\/v2\/media?parent=11724261"}],"wp:term":[{"taxonomy":"category","embeddable":true,"href":"https:\/\/www.corumbaonline.com.br\/news\/wp-json\/wp\/v2\/categories?post=11724261"},{"taxonomy":"post_tag","embeddable":true,"href":"https:\/\/www.corumbaonline.com.br\/news\/wp-json\/wp\/v2\/tags?post=11724261"}],"curies":[{"name":"wp","href":"https:\/\/api.w.org\/{rel}","templated":true}]}}