{"id":11724276,"date":"2022-04-20T08:41:00","date_gmt":"2022-04-20T12:41:00","guid":{"rendered":"http:\/\/www.corumbaonline.com.br\/news\/?p=11724276"},"modified":"2022-04-20T09:43:09","modified_gmt":"2022-04-20T13:43:09","slug":"vereador-busca-informacoes-sobre-aplicacao-da-lei-do-maio-amarelo","status":"publish","type":"post","link":"https:\/\/www.corumbaonline.com.br\/news\/vereador-busca-informacoes-sobre-aplicacao-da-lei-do-maio-amarelo\/","title":{"rendered":"Vereador busca informa\u00e7\u00f5es sobre aplica\u00e7\u00e3o da Lei do Maio Amarelo"},"content":{"rendered":"<p>A vereadora Raquel Bryk est\u00e1 solicitando informa\u00e7\u00f5es junto \u00e0 Prefeitura, para saber se a Lei Municipal n\u00ba 2781 de 20 de agosto de 2021, que disp\u00f5e sobre a institui\u00e7\u00e3o da \u201cSemana Municipal Maio Laranja para o Combate aos Abusos e \u00e0 Explora\u00e7\u00e3o Sexual de Crian\u00e7as e Adolescentes\u201d, est\u00e1 sendo aplicada na cidade.<\/p>\n<p>O pedido se deve ao fato de n\u00e3o haver, at\u00e9 o momento, informa\u00e7\u00f5es sobre o cumprimento por parte do Poder Executivo. Raquel fez uma refer\u00eancia ao artigo 37 da Constitui\u00e7\u00e3o Federal que estabelece que a administra\u00e7\u00e3o deve agir de acordo com o princ\u00edpio da legalidade, ou seja, a lei deve ser cumprida, sob pena de configura\u00e7\u00e3o de ato de improbidade.<\/p>\n<p>Cita ainda que o artigo o artigo 4\u00b0, VII, do Decreto Lei 201\/67,\u00a0 estabelece que comete infra\u00e7\u00f5es pol\u00edtico administrativas o prefeito que se omite em cumprir expressa disposi\u00e7\u00e3o de lei. \u201cPor isso mesmo estamos pedindo, em car\u00e1ter de urg\u00eancia, que seja esclarecido em qual meio est\u00e3o sendo divulgadas as informa\u00e7\u00f5es referentes \u00e0 Lei Municipal n\u00ba 2781\/21, de minha autoria, e quais a\u00e7\u00f5es est\u00e3o sendo realizadas para o seu cumprimento. Decorrido o prazo de 20 dias sem resposta, o presente pedido de informa\u00e7\u00e3o ser\u00e1 remetido ao Minist\u00e9rio P\u00fablico Federal\u201d, refor\u00e7ou.<\/p>\n<p>FONPLATA<\/p>\n<p>Em outro requerimento \u00e0 Prefeitura, a vereadora solicitou informa\u00e7\u00f5es sobre quais obras do Fonplata se encontram paradas por solicita\u00e7\u00e3o de reequil\u00edbrio econ\u00f4mico e outros motivos, bem como encaminhamento ao Poder Legislativo de c\u00f3pias dos contratos com as empresas e as justificativas da paralisa\u00e7\u00e3o das obras.<\/p>\n<p>INFRAESTRUTURA<\/p>\n<p>J\u00e1 \u00e0 pasta de Infraestrutura e Servi\u00e7os P\u00fablicos, Raquel Bryk est\u00e1 pedindo estudos de viabilidade para realiza\u00e7\u00e3o de obras de drenagem e lajotamento da Alameda Cristo Redentor, bem como recupera\u00e7\u00e3o do pavimento asf\u00e1ltico da Rua Minas Gerais para melhorar as condi\u00e7\u00f5es de tr\u00e1fego. Os dois servi\u00e7os v\u00e3o atender moradores do Bairro Cristo Redentor.<\/p>\n<p>LIMPEZA<\/p>\n<p>Por fim, a vereadora reivindicou \u00e0 pasta de Infraestrutura, servi\u00e7os de limpeza, ro\u00e7ada e poda de mato no Centro de Sa\u00fade Jo\u00e3o de Brito, que est\u00e1 com sua obra em estado de abandono. Conforme ela, os moradores da regi\u00e3o est\u00e3o se queixando da sujeira, mato alto e falta de seguran\u00e7a no local.<\/p>\n","protected":false},"excerpt":{"rendered":"<p>A vereadora Raquel Bryk est\u00e1 solicitando informa\u00e7\u00f5es junto \u00e0 Prefeitura, para saber se a Lei&#8230;<\/p>\n","protected":false},"author":63,"featured_media":0,"comment_status":"closed","ping_status":"closed","sticky":false,"template":"","format":"standard","meta":{"footnotes":""},"categories":[19],"tags":[],"class_list":["post-11724276","post","type-post","status-publish","format-standard","hentry","category-politica"],"_links":{"self":[{"href":"https:\/\/www.corumbaonline.com.br\/news\/wp-json\/wp\/v2\/posts\/11724276","targetHints":{"allow":["GET"]}}],"collection":[{"href":"https:\/\/www.corumbaonline.com.br\/news\/wp-json\/wp\/v2\/posts"}],"about":[{"href":"https:\/\/www.corumbaonline.com.br\/news\/wp-json\/wp\/v2\/types\/post"}],"author":[{"embeddable":true,"href":"https:\/\/www.corumbaonline.com.br\/news\/wp-json\/wp\/v2\/users\/63"}],"replies":[{"embeddable":true,"href":"https:\/\/www.corumbaonline.com.br\/news\/wp-json\/wp\/v2\/comments?post=11724276"}],"version-history":[{"count":1,"href":"https:\/\/www.corumbaonline.com.br\/news\/wp-json\/wp\/v2\/posts\/11724276\/revisions"}],"predecessor-version":[{"id":11724277,"href":"https:\/\/www.corumbaonline.com.br\/news\/wp-json\/wp\/v2\/posts\/11724276\/revisions\/11724277"}],"wp:attachment":[{"href":"https:\/\/www.corumbaonline.com.br\/news\/wp-json\/wp\/v2\/media?parent=11724276"}],"wp:term":[{"taxonomy":"category","embeddable":true,"href":"https:\/\/www.corumbaonline.com.br\/news\/wp-json\/wp\/v2\/categories?post=11724276"},{"taxonomy":"post_tag","embeddable":true,"href":"https:\/\/www.corumbaonline.com.br\/news\/wp-json\/wp\/v2\/tags?post=11724276"}],"curies":[{"name":"wp","href":"https:\/\/api.w.org\/{rel}","templated":true}]}}