{"id":11724288,"date":"2022-04-20T09:45:00","date_gmt":"2022-04-20T13:45:00","guid":{"rendered":"http:\/\/www.corumbaonline.com.br\/news\/?p=11724288"},"modified":"2022-04-20T11:57:30","modified_gmt":"2022-04-20T15:57:30","slug":"vereador-pede-melhorias-do-transporte-coletivo-em-horarios-de-grande-fluxo-de-passageiros","status":"publish","type":"post","link":"https:\/\/www.corumbaonline.com.br\/news\/vereador-pede-melhorias-do-transporte-coletivo-em-horarios-de-grande-fluxo-de-passageiros\/","title":{"rendered":"Vereador pede melhorias do transporte coletivo em hor\u00e1rios de grande fluxo de passageiros"},"content":{"rendered":"<p>Preocupado com a superlota\u00e7\u00e3o no transporte p\u00fablico de passageiro que tem se agravado nos \u00faltimos dias, o vereador Elinho Junior apresentou um requerimento esta semana na C\u00e2mara, endere\u00e7ado \u00e0 Via\u00e7\u00e3o Cidade Corumb\u00e1, com c\u00f3pia \u00e0 Ag\u00eancia Municipal de Tr\u00e2nsito e Transporte (Agetrat), visando melhorar o sistema.<\/p>\n<p>No documento, o vereador pede informa\u00e7\u00f5es \u00e0 empresa em rela\u00e7\u00e3o aos hor\u00e1rios de maior fluxo dos \u00f4nibus que fazem as linhas da parte alta da cidade, considerando o expressivo n\u00famero de pessoas que utilizam o transporte p\u00fablico e a insuficiente demanda para atender a popula\u00e7\u00e3o.<\/p>\n<p>Elinho entende que \u00e9 preciso adotar medidas urgentes para acabar com a superlota\u00e7\u00e3o dos \u00f4nibus, principalmente nos hor\u00e1rios de picos, in\u00edcio da manh\u00e3, antes e ap\u00f3s o almo\u00e7o, e no final da tarde.<\/p>\n","protected":false},"excerpt":{"rendered":"<p>Preocupado com a superlota\u00e7\u00e3o no transporte p\u00fablico de passageiro que tem se agravado nos \u00faltimos&#8230;<\/p>\n","protected":false},"author":63,"featured_media":0,"comment_status":"closed","ping_status":"closed","sticky":false,"template":"","format":"standard","meta":{"footnotes":""},"categories":[19],"tags":[],"class_list":["post-11724288","post","type-post","status-publish","format-standard","hentry","category-politica"],"_links":{"self":[{"href":"https:\/\/www.corumbaonline.com.br\/news\/wp-json\/wp\/v2\/posts\/11724288","targetHints":{"allow":["GET"]}}],"collection":[{"href":"https:\/\/www.corumbaonline.com.br\/news\/wp-json\/wp\/v2\/posts"}],"about":[{"href":"https:\/\/www.corumbaonline.com.br\/news\/wp-json\/wp\/v2\/types\/post"}],"author":[{"embeddable":true,"href":"https:\/\/www.corumbaonline.com.br\/news\/wp-json\/wp\/v2\/users\/63"}],"replies":[{"embeddable":true,"href":"https:\/\/www.corumbaonline.com.br\/news\/wp-json\/wp\/v2\/comments?post=11724288"}],"version-history":[{"count":1,"href":"https:\/\/www.corumbaonline.com.br\/news\/wp-json\/wp\/v2\/posts\/11724288\/revisions"}],"predecessor-version":[{"id":11724289,"href":"https:\/\/www.corumbaonline.com.br\/news\/wp-json\/wp\/v2\/posts\/11724288\/revisions\/11724289"}],"wp:attachment":[{"href":"https:\/\/www.corumbaonline.com.br\/news\/wp-json\/wp\/v2\/media?parent=11724288"}],"wp:term":[{"taxonomy":"category","embeddable":true,"href":"https:\/\/www.corumbaonline.com.br\/news\/wp-json\/wp\/v2\/categories?post=11724288"},{"taxonomy":"post_tag","embeddable":true,"href":"https:\/\/www.corumbaonline.com.br\/news\/wp-json\/wp\/v2\/tags?post=11724288"}],"curies":[{"name":"wp","href":"https:\/\/api.w.org\/{rel}","templated":true}]}}