{"id":11724307,"date":"2022-04-20T11:36:00","date_gmt":"2022-04-20T15:36:00","guid":{"rendered":"http:\/\/www.corumbaonline.com.br\/news\/?p=11724307"},"modified":"2022-04-20T12:58:53","modified_gmt":"2022-04-20T16:58:53","slug":"vereador-pede-informacoes-sobre-processo-de-compra-da-unidade-castramovel","status":"publish","type":"post","link":"https:\/\/www.corumbaonline.com.br\/news\/vereador-pede-informacoes-sobre-processo-de-compra-da-unidade-castramovel\/","title":{"rendered":"Vereador pede informa\u00e7\u00f5es sobre processo de compra da Unidade Castram\u00f3vel"},"content":{"rendered":"<p>O vereador Allex Dellas apresentou um requerimento esta semana, durante sess\u00e3o do Poder Legislativo corumbaense, solicitando informa\u00e7\u00f5es em rela\u00e7\u00e3o ao processo para aquisi\u00e7\u00e3o de uma Unidade M\u00f3vel de Castra\u00e7\u00e3o de C\u00e3es e Gatos, por parte da Prefeitura Municipal.<\/p>\n<p>O pedido foi feito ao secret\u00e1rio Rog\u00e9rio dos Santos Leite, de Sa\u00fade, e no documento, o vereador pede que a pasta disponibilize todas as informa\u00e7\u00f5es necess\u00e1rias \u00e0 C\u00e2mara, para que todos tenham conhecimento do andamento do processo de compra do ve\u00edculo.<\/p>\n<p>Em sua justificativa, Allex disse ter recebido cobran\u00e7as em rela\u00e7\u00e3o \u00e0 disponibiliza\u00e7\u00e3o de servi\u00e7o castra\u00e7\u00e3o de c\u00e3es e gatos, na cidade, que ser\u00e1 poss\u00edvel acontecer com a aquisi\u00e7\u00e3o da Unidade Castram\u00f3vel.<\/p>\n<p>\u201cSer\u00e1 um servi\u00e7o importante para controle da popula\u00e7\u00e3o animal que, al\u00e9m do sofrimento pelo abandono, fome e frio, representam riscos para a Sa\u00fade P\u00fablica, acidentes de tr\u00e2nsito como atropelamentos, bem como ataques a pessoas e outros animais\u201d, observou.<\/p>\n<p>INFRAESTRUTURA<\/p>\n<p>Ao secret\u00e1rio Ricardo Ametlla, de Infraestrutura e Servi\u00e7os P\u00fablicos, o vereador solicitou realiza\u00e7\u00e3o de estudo de viabilidade para pavimenta\u00e7\u00e3o asf\u00e1ltica na Rua Par\u00e1, trecho entre as ruas 21 de Setembro e Cyr\u00edaco de Toledo, no Bairro Jardim dos Estados, visando melhorar as condi\u00e7\u00f5es de tr\u00e1fego na regi\u00e3o.<\/p>\n<p>Pediu ainda servi\u00e7os de recapeamento ou requalifica\u00e7\u00e3o do pavimento da Alameda Montarella , no Bairro Cravo Vermelho, em atendimento\u00a0 solicita\u00e7\u00f5es de moradores que reclamam das atuais condi\u00e7\u00f5es da via.<\/p>\n<p>Por fim, \u00e0 mesma pasta, Allex solicitou realiza\u00e7\u00e3o de servi\u00e7os de limpeza com ro\u00e7ada, capina\u00e7\u00e3o e remo\u00e7\u00e3o dos res\u00edduos gerados, na \u00e1rea de entorno do Conjunto Jatobazinho, no Bairro Jardim Estados, para atender aos anseios dos moradores, permitindo assim, uma melhoria na qualidade de vida de todos.<\/p>\n","protected":false},"excerpt":{"rendered":"<p>O vereador Allex Dellas apresentou um requerimento esta semana, durante sess\u00e3o do Poder Legislativo corumbaense,&#8230;<\/p>\n","protected":false},"author":63,"featured_media":0,"comment_status":"closed","ping_status":"closed","sticky":false,"template":"","format":"standard","meta":{"footnotes":""},"categories":[19],"tags":[],"class_list":["post-11724307","post","type-post","status-publish","format-standard","hentry","category-politica"],"_links":{"self":[{"href":"https:\/\/www.corumbaonline.com.br\/news\/wp-json\/wp\/v2\/posts\/11724307","targetHints":{"allow":["GET"]}}],"collection":[{"href":"https:\/\/www.corumbaonline.com.br\/news\/wp-json\/wp\/v2\/posts"}],"about":[{"href":"https:\/\/www.corumbaonline.com.br\/news\/wp-json\/wp\/v2\/types\/post"}],"author":[{"embeddable":true,"href":"https:\/\/www.corumbaonline.com.br\/news\/wp-json\/wp\/v2\/users\/63"}],"replies":[{"embeddable":true,"href":"https:\/\/www.corumbaonline.com.br\/news\/wp-json\/wp\/v2\/comments?post=11724307"}],"version-history":[{"count":1,"href":"https:\/\/www.corumbaonline.com.br\/news\/wp-json\/wp\/v2\/posts\/11724307\/revisions"}],"predecessor-version":[{"id":11724308,"href":"https:\/\/www.corumbaonline.com.br\/news\/wp-json\/wp\/v2\/posts\/11724307\/revisions\/11724308"}],"wp:attachment":[{"href":"https:\/\/www.corumbaonline.com.br\/news\/wp-json\/wp\/v2\/media?parent=11724307"}],"wp:term":[{"taxonomy":"category","embeddable":true,"href":"https:\/\/www.corumbaonline.com.br\/news\/wp-json\/wp\/v2\/categories?post=11724307"},{"taxonomy":"post_tag","embeddable":true,"href":"https:\/\/www.corumbaonline.com.br\/news\/wp-json\/wp\/v2\/tags?post=11724307"}],"curies":[{"name":"wp","href":"https:\/\/api.w.org\/{rel}","templated":true}]}}