{"id":11724386,"date":"2022-04-26T08:59:00","date_gmt":"2022-04-26T12:59:00","guid":{"rendered":"http:\/\/www.corumbaonline.com.br\/news\/?p=11724386"},"modified":"2022-04-26T09:46:44","modified_gmt":"2022-04-26T13:46:44","slug":"vereador-busca-informacoes-sobre-as-obras-do-novo-laboratorio-municipal","status":"publish","type":"post","link":"https:\/\/www.corumbaonline.com.br\/news\/vereador-busca-informacoes-sobre-as-obras-do-novo-laboratorio-municipal\/","title":{"rendered":"Vereador busca informa\u00e7\u00f5es sobre as obras do novo Laborat\u00f3rio Municipal"},"content":{"rendered":"<p>O vereador Manoel Rodrigues est\u00e1 buscando junto \u00e0 Prefeitura de Corumb\u00e1, informa\u00e7\u00f5es sobre as obras do novo Laborat\u00f3rio Municipal que ser\u00e1 de extrema import\u00e2ncia para a sa\u00fade p\u00fablica do Munic\u00edpio.<\/p>\n<p>O pedido foi feito durante sess\u00e3o ordin\u00e1ria do Poder Legislativo realizada ontem, segunda-feira, 25, e dirigido ao secret\u00e1rio Ricardo Ametlla, de Infraestrutura e Servi\u00e7os P\u00fablicos. O novo laborat\u00f3rio est\u00e1 sendo constru\u00eddo na esquina das ruas Porto Carrero e Frei Mariano.<\/p>\n<p>Manoel busca saber qual a previs\u00e3o para conclus\u00e3o da obra iniciada em 2016, e que sofreu paralisa\u00e7\u00f5es durante esse per\u00edodo. \u201cA entrega do pr\u00e9dio \u00e9 importante j\u00e1 que o novo laborat\u00f3rio vau oferecer melhores condi\u00e7\u00f5es de trabalho e de atendimento \u00e0 popula\u00e7\u00e3o que guarda ansiosamente a sua inaugura\u00e7\u00e3o\u201d, enfatizou.<\/p>\n<p>TR\u00c2NSITO SEGURO<\/p>\n<p>Na mesma sess\u00e3o, o vereador refor\u00e7ou um pedido feito ao DNIT (Departamento Nacional de Infraestrutura de Transporte), para viabilizar a instala\u00e7\u00e3o de defensa met\u00e1lica (guard rail) em um trecho da BR 262 (anel vi\u00e1rio), entre \u00e0s ruas Rep\u00fablica do Paraguai e Goi\u00e1s, no bairro Aeroporto.<\/p>\n<p>Anteriormente, Manoel havia solicitado o mesmo equipamento na regi\u00e3o da Rua 21 de Setembro, e agora, destaca a necessidade de propiciar maior seguran\u00e7a na regi\u00e3o do Bairro Aeroporto, principalmente nas proximidades do Conjunto Habitacional Jardim Aeroporto.<\/p>\n<p>\u201cJ\u00e1 existe defensa em uma parte da via, mas h\u00e1 necessidade de que seja ampliada para maior seguran\u00e7a de todos, principalmente devido a uma longa curva existente no trecho, onde j\u00e1 foram registrados acidentes com v\u00edtimas fatais, evitando tamb\u00e9m que as casas existentes nas imedia\u00e7\u00f5es, sejam atingidas por ve\u00edculos\u201d, explicou.<\/p>\n","protected":false},"excerpt":{"rendered":"<p>O vereador Manoel Rodrigues est\u00e1 buscando junto \u00e0 Prefeitura de Corumb\u00e1, informa\u00e7\u00f5es sobre as obras&#8230;<\/p>\n","protected":false},"author":63,"featured_media":0,"comment_status":"closed","ping_status":"closed","sticky":false,"template":"","format":"standard","meta":{"footnotes":""},"categories":[19],"tags":[],"class_list":["post-11724386","post","type-post","status-publish","format-standard","hentry","category-politica"],"_links":{"self":[{"href":"https:\/\/www.corumbaonline.com.br\/news\/wp-json\/wp\/v2\/posts\/11724386","targetHints":{"allow":["GET"]}}],"collection":[{"href":"https:\/\/www.corumbaonline.com.br\/news\/wp-json\/wp\/v2\/posts"}],"about":[{"href":"https:\/\/www.corumbaonline.com.br\/news\/wp-json\/wp\/v2\/types\/post"}],"author":[{"embeddable":true,"href":"https:\/\/www.corumbaonline.com.br\/news\/wp-json\/wp\/v2\/users\/63"}],"replies":[{"embeddable":true,"href":"https:\/\/www.corumbaonline.com.br\/news\/wp-json\/wp\/v2\/comments?post=11724386"}],"version-history":[{"count":1,"href":"https:\/\/www.corumbaonline.com.br\/news\/wp-json\/wp\/v2\/posts\/11724386\/revisions"}],"predecessor-version":[{"id":11724387,"href":"https:\/\/www.corumbaonline.com.br\/news\/wp-json\/wp\/v2\/posts\/11724386\/revisions\/11724387"}],"wp:attachment":[{"href":"https:\/\/www.corumbaonline.com.br\/news\/wp-json\/wp\/v2\/media?parent=11724386"}],"wp:term":[{"taxonomy":"category","embeddable":true,"href":"https:\/\/www.corumbaonline.com.br\/news\/wp-json\/wp\/v2\/categories?post=11724386"},{"taxonomy":"post_tag","embeddable":true,"href":"https:\/\/www.corumbaonline.com.br\/news\/wp-json\/wp\/v2\/tags?post=11724386"}],"curies":[{"name":"wp","href":"https:\/\/api.w.org\/{rel}","templated":true}]}}