{"id":11724388,"date":"2022-04-26T09:31:00","date_gmt":"2022-04-26T13:31:00","guid":{"rendered":"http:\/\/www.corumbaonline.com.br\/news\/?p=11724388"},"modified":"2022-04-26T09:55:54","modified_gmt":"2022-04-26T13:55:54","slug":"na-camara-vereador-reivindica-sala-de-oncologia-e-laboratorio-na-parte-alta-da-cidade","status":"publish","type":"post","link":"https:\/\/www.corumbaonline.com.br\/news\/na-camara-vereador-reivindica-sala-de-oncologia-e-laboratorio-na-parte-alta-da-cidade\/","title":{"rendered":"Na C\u00e2mara, vereador reivindica Sala de Oncologia e Laborat\u00f3rio na parte alta da cidade"},"content":{"rendered":"<p>As instala\u00e7\u00f5es de uma Sala de Oncologia e um Laborat\u00f3rio de An\u00e1lises Cl\u00ednicas na regi\u00e3o sul, est\u00e3o sendo reivindicadas pelo vereador Samyr Qualhada para melhorar os servi\u00e7os de sa\u00fade na parte alta da cidade, e bem atender a popula\u00e7\u00e3o.<\/p>\n<p>Os dois pedidos foram feitos ontem, segunda-feira, 25, durante sess\u00e3o ordin\u00e1ria da C\u00e2mara Municipal de Corumb\u00e1, e endere\u00e7ados ao secret\u00e1rio Rog\u00e9rio dos Santos Leite, de Sa\u00fade.<\/p>\n<p>Na primeira indica\u00e7\u00e3o, Qualhada pediu ao titular da pasta de sa\u00fade, estudos necess\u00e1rios visando implanta\u00e7\u00e3o de uma Sala Oncol\u00f3gica em uma das unidades de sa\u00fade da parte alta.<\/p>\n<p>\u201cMuitas pessoas encontram dificuldades de deslocamento at\u00e9 o Centro de Oncologia, no centro, e a disponibiliza\u00e7\u00e3o dessa estrutura vai permitir melhorar sensivelmente o atendimento aos pacientes que residem na parte alta\u201d, explicou.<\/p>\n<p>O mesmo pedido foi feito em rela\u00e7\u00e3o ao laborat\u00f3rio. O vereador explicou que os moradores, quando necessitam de exames laboratoriais, s\u00e3o obrigados a se se dirigir at\u00e9 o centro, j\u00e1 que o servi\u00e7o n\u00e3o \u00e9 disponibilizado nas unidades de sa\u00fade existentes na regi\u00e3o sul.<\/p>\n<p>HOMENAGEM<\/p>\n<p>Por outro lado, o vereador teve aprovado um requerimento em que homenageia com Mo\u00e7\u00e3o de Congratula\u00e7\u00e3o, o 6\u00ba Batalh\u00e3o da Pol\u00edcia Militar de Corumb\u00e1, por meio da sua comandante, tenente-coronel Let\u00edcia Raquel Lopes Ramos, pelo excelente trabalho de seguran\u00e7a realizando na regi\u00e3o de entorno da Esplanada da NOB, onde ocorreram as festas carnavalescas dos blocos privados da cidade. A aprova\u00e7\u00e3o foi por unanimidade.<\/p>\n","protected":false},"excerpt":{"rendered":"<p>As instala\u00e7\u00f5es de uma Sala de Oncologia e um Laborat\u00f3rio de An\u00e1lises Cl\u00ednicas na regi\u00e3o&#8230;<\/p>\n","protected":false},"author":63,"featured_media":0,"comment_status":"closed","ping_status":"closed","sticky":false,"template":"","format":"standard","meta":{"footnotes":""},"categories":[19],"tags":[],"class_list":["post-11724388","post","type-post","status-publish","format-standard","hentry","category-politica"],"_links":{"self":[{"href":"https:\/\/www.corumbaonline.com.br\/news\/wp-json\/wp\/v2\/posts\/11724388","targetHints":{"allow":["GET"]}}],"collection":[{"href":"https:\/\/www.corumbaonline.com.br\/news\/wp-json\/wp\/v2\/posts"}],"about":[{"href":"https:\/\/www.corumbaonline.com.br\/news\/wp-json\/wp\/v2\/types\/post"}],"author":[{"embeddable":true,"href":"https:\/\/www.corumbaonline.com.br\/news\/wp-json\/wp\/v2\/users\/63"}],"replies":[{"embeddable":true,"href":"https:\/\/www.corumbaonline.com.br\/news\/wp-json\/wp\/v2\/comments?post=11724388"}],"version-history":[{"count":1,"href":"https:\/\/www.corumbaonline.com.br\/news\/wp-json\/wp\/v2\/posts\/11724388\/revisions"}],"predecessor-version":[{"id":11724389,"href":"https:\/\/www.corumbaonline.com.br\/news\/wp-json\/wp\/v2\/posts\/11724388\/revisions\/11724389"}],"wp:attachment":[{"href":"https:\/\/www.corumbaonline.com.br\/news\/wp-json\/wp\/v2\/media?parent=11724388"}],"wp:term":[{"taxonomy":"category","embeddable":true,"href":"https:\/\/www.corumbaonline.com.br\/news\/wp-json\/wp\/v2\/categories?post=11724388"},{"taxonomy":"post_tag","embeddable":true,"href":"https:\/\/www.corumbaonline.com.br\/news\/wp-json\/wp\/v2\/tags?post=11724388"}],"curies":[{"name":"wp","href":"https:\/\/api.w.org\/{rel}","templated":true}]}}