{"id":11724398,"date":"2022-04-26T10:22:00","date_gmt":"2022-04-26T14:22:00","guid":{"rendered":"http:\/\/www.corumbaonline.com.br\/news\/?p=11724398"},"modified":"2022-04-26T12:31:15","modified_gmt":"2022-04-26T16:31:15","slug":"vereador-solicita-criacao-de-comissao-parlamentar-provisoria-para-acompanhar-venda-da-vale","status":"publish","type":"post","link":"https:\/\/www.corumbaonline.com.br\/news\/vereador-solicita-criacao-de-comissao-parlamentar-provisoria-para-acompanhar-venda-da-vale\/","title":{"rendered":"Vereador solicita cria\u00e7\u00e3o de Comiss\u00e3o Parlamentar Provis\u00f3ria para acompanhar venda da Vale"},"content":{"rendered":"<p>A cria\u00e7\u00e3o de uma Comiss\u00e3o Parlamentar Provis\u00f3ria \u00e9 o que est\u00e1 requerendo o vereador Alexandre Vasconcellos para acompanhar a transi\u00e7\u00e3o da compra da Vale pelo grupo J &amp; F, que est\u00e1 em andamento na cidade.<\/p>\n<p>\u201cTrata-se de um processo de grande impacto a n\u00edvel municipal e estadual e, por isso mesmo, temos que acompanhar mais de perto. Por isso fizemos esse pedido \u00e0 Mesa Diretora da C\u00e2mara\u201d, argumentou.<\/p>\n<p>Alexandre, inclusive, reivindicou a presid\u00eancia da Comiss\u00e3o e que ir\u00e1 priorizar pontos importantes que devem ser acompanhados pelo Poder Legislativo corumbaense, como a manuten\u00e7\u00e3o dos funcion\u00e1rios e gera\u00e7\u00e3o de novos empregos, amplia\u00e7\u00e3o da estrutura e manuten\u00e7\u00e3o das minas j\u00e1 existentes, e tamb\u00e9m a continuidade dos projetos sociais desenvolvidos pela Vale em Corumb\u00e1.<\/p>\n<p>\u201c\u00c9 uma transa\u00e7\u00e3o de grande impacto n\u00e3o s\u00f3 em Corumb\u00e1, mas tamb\u00e9m a n\u00edvel estadual, e que envolve in\u00fameros aspectos que influenciam na vida da sociedade corumbaense. Por isso mesmo \u00e9 necess\u00e1rio o acompanhamento para averiguar e ajudar os investidores nessa transi\u00e7\u00e3o\u201d, ressaltou.<\/p>\n<p>O assunto foi repercutido entre os demais vereadores, com todos favor\u00e1veis \u00e0 cria\u00e7\u00e3o dessa Comiss\u00e3o Provis\u00f3ria, para acompanhar todo o processo. Elinho Junior foi um deles e j\u00e1 se colocou \u00e0 disposi\u00e7\u00e3o para integrar o grupo.<\/p>\n<p>Manoel Rodrigues, Allex Dellas, Chic\u00e3o Vianna e Raquel Bryk, tamb\u00e9m destacaram a iniciativa de Alexandre. Chic\u00e3o, inclusive, sugeriu que o transporte tamb\u00e9m seja integrado ao trabalho dessa Comiss\u00e3o, j\u00e1 que afeta, e muito, o escoamento da produ\u00e7\u00e3o.<\/p>\n<p>Raquel, al\u00e9m de elogiar a iniciativa, destacou o transporte, lembrando que, durante a visita da deputada federal Teresa Cristina \u00e0 cidade, ocasi\u00e3o em que a ex-ministra de Agricultura informou que a regi\u00e3o dever\u00e1 ser atendida com um sistema de transporte em condi\u00e7\u00f5es de escoar, de forma mais barata, a sua produ\u00e7\u00e3o mineral.<\/p>\n","protected":false},"excerpt":{"rendered":"<p>A cria\u00e7\u00e3o de uma Comiss\u00e3o Parlamentar Provis\u00f3ria \u00e9 o que est\u00e1 requerendo o vereador Alexandre&#8230;<\/p>\n","protected":false},"author":63,"featured_media":0,"comment_status":"closed","ping_status":"closed","sticky":false,"template":"","format":"standard","meta":{"footnotes":""},"categories":[19],"tags":[],"class_list":["post-11724398","post","type-post","status-publish","format-standard","hentry","category-politica"],"_links":{"self":[{"href":"https:\/\/www.corumbaonline.com.br\/news\/wp-json\/wp\/v2\/posts\/11724398","targetHints":{"allow":["GET"]}}],"collection":[{"href":"https:\/\/www.corumbaonline.com.br\/news\/wp-json\/wp\/v2\/posts"}],"about":[{"href":"https:\/\/www.corumbaonline.com.br\/news\/wp-json\/wp\/v2\/types\/post"}],"author":[{"embeddable":true,"href":"https:\/\/www.corumbaonline.com.br\/news\/wp-json\/wp\/v2\/users\/63"}],"replies":[{"embeddable":true,"href":"https:\/\/www.corumbaonline.com.br\/news\/wp-json\/wp\/v2\/comments?post=11724398"}],"version-history":[{"count":1,"href":"https:\/\/www.corumbaonline.com.br\/news\/wp-json\/wp\/v2\/posts\/11724398\/revisions"}],"predecessor-version":[{"id":11724399,"href":"https:\/\/www.corumbaonline.com.br\/news\/wp-json\/wp\/v2\/posts\/11724398\/revisions\/11724399"}],"wp:attachment":[{"href":"https:\/\/www.corumbaonline.com.br\/news\/wp-json\/wp\/v2\/media?parent=11724398"}],"wp:term":[{"taxonomy":"category","embeddable":true,"href":"https:\/\/www.corumbaonline.com.br\/news\/wp-json\/wp\/v2\/categories?post=11724398"},{"taxonomy":"post_tag","embeddable":true,"href":"https:\/\/www.corumbaonline.com.br\/news\/wp-json\/wp\/v2\/tags?post=11724398"}],"curies":[{"name":"wp","href":"https:\/\/api.w.org\/{rel}","templated":true}]}}