{"id":11724425,"date":"2022-04-27T09:27:00","date_gmt":"2022-04-27T13:27:00","guid":{"rendered":"http:\/\/www.corumbaonline.com.br\/news\/?p=11724425"},"modified":"2022-04-27T15:11:11","modified_gmt":"2022-04-27T19:11:11","slug":"cursos-de-qualificacao-profissional-tem-inscricoes-encerradas-sao-quase-mil-inscritos","status":"publish","type":"post","link":"https:\/\/www.corumbaonline.com.br\/news\/cursos-de-qualificacao-profissional-tem-inscricoes-encerradas-sao-quase-mil-inscritos\/","title":{"rendered":"Cursos de qualifica\u00e7\u00e3o profissional t\u00eam inscri\u00e7\u00f5es encerradas; s\u00e3o quase mil inscritos"},"content":{"rendered":"<p>Est\u00e3o encerradas as inscri\u00e7\u00f5es para os 18 cursos de qualifica\u00e7\u00e3o profissional que v\u00e3o ser promovidos gratuitamente pela Prefeitura de Corumb\u00e1, por meio da Secretaria Municipal de Assist\u00eancia Social e Cidadania\/Superintend\u00eancia de Pol\u00edticas P\u00fablicas. S\u00e3o 430 vagas disponibilizadas pelo Munic\u00edpio. A programa\u00e7\u00e3o inicial era encerrar as inscri\u00e7\u00f5es em 30 de abril, mas num prazo de 24 horas houve quase mil inscritos, quantidade superior ao\u00a0 dobro do n\u00famero de vagas ofertadas.<\/p>\n<p>De acordo com a Superintend\u00eancia de Pol\u00edticas P\u00fablicas, ser\u00e3o criadas turmas extras para atender a todos. A Superintend\u00eancia vai entrar em contato com os inscritos, atrav\u00e9s do n\u00famero telef\u00f4nico informado no ato da inscri\u00e7\u00e3o, para confirmar a data de in\u00edcio de cada turma.<\/p>\n<p>Os cursos de qualifica\u00e7\u00e3o profissional oferecidos s\u00e3o: Atendimento ao P\u00fablico; Auxiliar de A\u00e7ougueiro; Bala Baiana (2 turmas); B\u00e1sico de Confeitaria; Cabeleireiro \u2013 Cortes; Chapeiro; Conferente; Design de sobrancelhas; Espanhol para o com\u00e9rcio; Hortifruti\/Frios; Marketing e Empreendedorismo; Operador de Caixa; Pizzaiolo; Portugu\u00eas para concursos; Preven\u00e7\u00e3o de perdas; Rela\u00e7\u00f5es Interpessoais e Repositor.<\/p>\n<p>S\u00e3o parceiros na promo\u00e7\u00e3o da qualifica\u00e7\u00e3o profissional: Sebrae, Senar, Associa\u00e7\u00e3o Comercial, Black Lanches, A\u00e7a\u00ed Uma Pizza, e Supermercados Chama. Os cursos, em alus\u00e3o ao m\u00eas do Trabalhador, t\u00eam datas distintas para in\u00edcio.<\/p>\n","protected":false},"excerpt":{"rendered":"<p>Est\u00e3o encerradas as inscri\u00e7\u00f5es para os 18 cursos de qualifica\u00e7\u00e3o profissional que v\u00e3o ser promovidos&#8230;<\/p>\n","protected":false},"author":70,"featured_media":11724426,"comment_status":"closed","ping_status":"closed","sticky":false,"template":"","format":"standard","meta":{"footnotes":""},"categories":[9,10],"tags":[],"class_list":["post-11724425","post","type-post","status-publish","format-standard","has-post-thumbnail","hentry","category-economia","category-educacao"],"_links":{"self":[{"href":"https:\/\/www.corumbaonline.com.br\/news\/wp-json\/wp\/v2\/posts\/11724425","targetHints":{"allow":["GET"]}}],"collection":[{"href":"https:\/\/www.corumbaonline.com.br\/news\/wp-json\/wp\/v2\/posts"}],"about":[{"href":"https:\/\/www.corumbaonline.com.br\/news\/wp-json\/wp\/v2\/types\/post"}],"author":[{"embeddable":true,"href":"https:\/\/www.corumbaonline.com.br\/news\/wp-json\/wp\/v2\/users\/70"}],"replies":[{"embeddable":true,"href":"https:\/\/www.corumbaonline.com.br\/news\/wp-json\/wp\/v2\/comments?post=11724425"}],"version-history":[{"count":1,"href":"https:\/\/www.corumbaonline.com.br\/news\/wp-json\/wp\/v2\/posts\/11724425\/revisions"}],"predecessor-version":[{"id":11724427,"href":"https:\/\/www.corumbaonline.com.br\/news\/wp-json\/wp\/v2\/posts\/11724425\/revisions\/11724427"}],"wp:featuredmedia":[{"embeddable":true,"href":"https:\/\/www.corumbaonline.com.br\/news\/wp-json\/wp\/v2\/media\/11724426"}],"wp:attachment":[{"href":"https:\/\/www.corumbaonline.com.br\/news\/wp-json\/wp\/v2\/media?parent=11724425"}],"wp:term":[{"taxonomy":"category","embeddable":true,"href":"https:\/\/www.corumbaonline.com.br\/news\/wp-json\/wp\/v2\/categories?post=11724425"},{"taxonomy":"post_tag","embeddable":true,"href":"https:\/\/www.corumbaonline.com.br\/news\/wp-json\/wp\/v2\/tags?post=11724425"}],"curies":[{"name":"wp","href":"https:\/\/api.w.org\/{rel}","templated":true}]}}