{"id":11724429,"date":"2022-04-27T09:38:00","date_gmt":"2022-04-27T13:38:00","guid":{"rendered":"http:\/\/www.corumbaonline.com.br\/news\/?p=11724429"},"modified":"2022-04-27T17:00:10","modified_gmt":"2022-04-27T21:00:10","slug":"com-energia-social-conta-de-luz-zero-familias-de-baixa-renda-economizam-em-media-r-130-mensais","status":"publish","type":"post","link":"https:\/\/www.corumbaonline.com.br\/news\/com-energia-social-conta-de-luz-zero-familias-de-baixa-renda-economizam-em-media-r-130-mensais\/","title":{"rendered":"Com \u201cEnergia Social \u2013 Conta de Luz Zero\u201d, fam\u00edlias de baixa renda economizam em m\u00e9dia R$ 130 mensais"},"content":{"rendered":"<p data-uw-styling-context=\"true\"><span data-uw-styling-context=\"true\">Em Mato Grosso do Sul, 152 mil fam\u00edlias de baixa renda t\u00eam se beneficiado com o programa \u201cEnergia Social: Conta de Luz Zero\u201d, que paga a conta de consumidores que utilizam at\u00e9 220 kw\/h por m\u00eas.\u00a0<\/span><span data-uw-styling-context=\"true\">Com a iniciativa do Governo do Estado, cada uma dessas fam\u00edlias t\u00eam economizado uma m\u00e9dia de R$ 130 todos os meses, considerando o valor da tarifa e dos tributos incidentes na conta, como Pis\/Cofins e ilumina\u00e7\u00e3o p\u00fablica. S\u00f3 para se ter uma ideia do impacto desse programa do governo estadual para a fam\u00edlia em situa\u00e7\u00e3o de vulnerabilidade, uma cesta b\u00e1sica com 12 itens de alimenta\u00e7\u00e3o entre eles arroz, feij\u00e3o, macarr\u00e3o e \u00f3leo, est\u00e1 sendo vendida em Campo Grande em torno de R$ 100.\u00a0<\/span><\/p>\n<p data-uw-styling-context=\"true\"><span data-uw-styling-context=\"true\">A aposentada Abadia Paes de Souza, de 77 anos, \u00e9 uma das pessoas contempladas pelo programa. Moradora da Vila Almeida, em Campo Grande, ela diz que agora tem uma conta a menos e que o sal\u00e1rio est\u00e1 rendendo mais. &#8220;Eu pagava mais ou menos R$ 130, dependendo do m\u00eas e de quando uma neta vinha passar uns dias comigo. Eu fa\u00e7o acompanhamento no cardiologista e no ortopedista e com esse dinheiro que sobra eu consigo comprar medicamentos&#8221;, relata.<\/span><\/p>\n<p data-uw-styling-context=\"true\"><span data-uw-styling-context=\"true\">Outra benefici\u00e1ria \u00e9 a diarista Adriana Marques, de 33 anos, moradora do bairro Guanandi, tamb\u00e9m na Capital. Com o \u201cEnergia Social\u201d, os R$ 150 que ela utilizava para pagar a conta de luz agora sobram para outras despesas de casa, como alimenta\u00e7\u00e3o. &#8220;A conta zerada foi uma surpresa muito boa e eu nem esperava por isso. Foi um al\u00edvio muito grande e agora posso usar esse dinheiro para outras contas aqui de casa&#8221;, diz.<\/span><\/p>\n<p data-uw-styling-context=\"true\">Atualmente, participam do programa 152 mil fam\u00edlias com\u00a0inscri\u00e7\u00e3o ativa no Cad\u00danico e na Tarifa Social, do Governo Federal.<\/p>\n<figure id=\"attachment_386307\" class=\"wp-caption aligncenter\" data-uw-styling-context=\"true\"><img loading=\"lazy\" decoding=\"async\" class=\"wp-image-386307 size-large\" src=\"http:\/\/www.ms.gov.br\/wp-content\/uploads\/sites\/150\/2022\/01\/Entrevista-Energia-Social-Foto-Edemir-Rodrigues-2-1024x566.jpg\" sizes=\"auto, (max-width: 1024px) 100vw, 1024px\" srcset=\"http:\/\/www.ms.gov.br\/wp-content\/uploads\/sites\/150\/2022\/01\/Entrevista-Energia-Social-Foto-Edemir-Rodrigues-2-1024x566.jpg 1024w, http:\/\/www.ms.gov.br\/wp-content\/uploads\/sites\/150\/2022\/01\/Entrevista-Energia-Social-Foto-Edemir-Rodrigues-2-300x166.jpg 300w, http:\/\/www.ms.gov.br\/wp-content\/uploads\/sites\/150\/2022\/01\/Entrevista-Energia-Social-Foto-Edemir-Rodrigues-2-768x425.jpg 768w, http:\/\/www.ms.gov.br\/wp-content\/uploads\/sites\/150\/2022\/01\/Entrevista-Energia-Social-Foto-Edemir-Rodrigues-2-350x194.jpg 350w\" alt=\"\" width=\"1024\" height=\"566\" data-uw-styling-context=\"true\" \/><figcaption class=\"wp-caption-text\" data-uw-styling-context=\"true\"><em data-uw-styling-context=\"true\">Exemplo de conta de energia paga pelo programa &#8220;Energia Social: Conta de Luz Zero&#8221; (Foto: Edemir Rodrigues)<\/em><\/figcaption><\/figure>\n<p data-uw-styling-context=\"true\"><strong data-uw-styling-context=\"true\">Fam\u00edlias devem se atentar ao consumo<\/strong><\/p>\n<p data-uw-styling-context=\"true\"><span data-uw-styling-context=\"true\">O \u201cEnergia Social: Conta de Luz Zero\u201d tem um custo m\u00e9dio mensal de R$ 12 milh\u00f5es para o Governo do Estado. Esse valor pode variar m\u00eas a m\u00eas de acordo com o consumo das fam\u00edlias participantes do programa.\u00a0<\/span><\/p>\n<p data-uw-styling-context=\"true\"><span data-uw-styling-context=\"true\">No m\u00eas de mar\u00e7o, por exemplo, 118,7 mil fam\u00edlias consumiram at\u00e9 220 kw\/h, se enquadraram nas regras do programa e receberam a fatura do m\u00eas zerada, uma vez que os gastos foram pagos pelo Estado. As outras extrapolaram o consumo e perderam o direito da fatura zerada.<\/span><\/p>\n<p data-uw-styling-context=\"true\"><span data-uw-styling-context=\"true\">Para a presidente do Concen (Conselho de Consumidores da \u00c1rea de Concess\u00e3o de Energisa), Rosimeire Costa, as fam\u00edlias de baixa renda devem se atentar \u00e0 faixa de consumo mensal para n\u00e3o perderem o benef\u00edcio do programa.<\/span><\/p>\n<p data-uw-styling-context=\"true\"><span data-uw-styling-context=\"true\">\u201cO \u2018Energia Social\u2019 complementa um direito que os consumidores de baixa renda t\u00eam que \u00e9 a tarifa social. E as fam\u00edlias devem olhar o consumo, pois se passar dos 220 kw\/h perde o direito dos dois benef\u00edcios\u201d, destaca.<\/span><\/p>\n<p data-uw-styling-context=\"true\"><span data-uw-styling-context=\"true\">Recentemente, decis\u00e3o da Aneel (Ag\u00eancia Nacional de Energia El\u00e9trica) reajustou em 17,93% as contas de luz de consumidores residenciais da Energisa. Embora o aumento tenha sido colocado em pr\u00e1tica para todos os clientes, aqueles de baixa renda n\u00e3o ser\u00e3o impactados por causa do programa \u201cEnergia Social: Conta de Luz Zero\u201d, onde o Estado paga as faturas.<\/span><\/p>\n","protected":false},"excerpt":{"rendered":"<p>Em Mato Grosso do Sul, 152 mil fam\u00edlias de baixa renda t\u00eam se beneficiado com&#8230;<\/p>\n","protected":false},"author":13,"featured_media":0,"comment_status":"closed","ping_status":"closed","sticky":false,"template":"","format":"standard","meta":{"footnotes":""},"categories":[9],"tags":[],"class_list":["post-11724429","post","type-post","status-publish","format-standard","hentry","category-economia"],"_links":{"self":[{"href":"https:\/\/www.corumbaonline.com.br\/news\/wp-json\/wp\/v2\/posts\/11724429","targetHints":{"allow":["GET"]}}],"collection":[{"href":"https:\/\/www.corumbaonline.com.br\/news\/wp-json\/wp\/v2\/posts"}],"about":[{"href":"https:\/\/www.corumbaonline.com.br\/news\/wp-json\/wp\/v2\/types\/post"}],"author":[{"embeddable":true,"href":"https:\/\/www.corumbaonline.com.br\/news\/wp-json\/wp\/v2\/users\/13"}],"replies":[{"embeddable":true,"href":"https:\/\/www.corumbaonline.com.br\/news\/wp-json\/wp\/v2\/comments?post=11724429"}],"version-history":[{"count":1,"href":"https:\/\/www.corumbaonline.com.br\/news\/wp-json\/wp\/v2\/posts\/11724429\/revisions"}],"predecessor-version":[{"id":11724430,"href":"https:\/\/www.corumbaonline.com.br\/news\/wp-json\/wp\/v2\/posts\/11724429\/revisions\/11724430"}],"wp:attachment":[{"href":"https:\/\/www.corumbaonline.com.br\/news\/wp-json\/wp\/v2\/media?parent=11724429"}],"wp:term":[{"taxonomy":"category","embeddable":true,"href":"https:\/\/www.corumbaonline.com.br\/news\/wp-json\/wp\/v2\/categories?post=11724429"},{"taxonomy":"post_tag","embeddable":true,"href":"https:\/\/www.corumbaonline.com.br\/news\/wp-json\/wp\/v2\/tags?post=11724429"}],"curies":[{"name":"wp","href":"https:\/\/api.w.org\/{rel}","templated":true}]}}