{"id":11724443,"date":"2022-04-28T08:25:00","date_gmt":"2022-04-28T12:25:00","guid":{"rendered":"http:\/\/www.corumbaonline.com.br\/news\/?p=11724443"},"modified":"2022-04-28T10:40:41","modified_gmt":"2022-04-28T14:40:41","slug":"alms-deputados-devem-votar-quatro-projetos-na-sessao-ordinaria-desta-quinta-feira-2","status":"publish","type":"post","link":"https:\/\/www.corumbaonline.com.br\/news\/alms-deputados-devem-votar-quatro-projetos-na-sessao-ordinaria-desta-quinta-feira-2\/","title":{"rendered":"ALMS: deputados devem votar quatro projetos na sess\u00e3o ordin\u00e1ria desta quinta-feira"},"content":{"rendered":"<p>Quatro projetos est\u00e3o pautados para a sess\u00e3o ordin\u00e1ria desta quinta-feira (28) na Assembleia Legislativa de Mato Grosso do Sul (ALEMS). As propostas devem ser votadas em discuss\u00e3o \u00fanica e em primeira discuss\u00e3o. A sess\u00e3o tem in\u00edcio \u00e0s 9h e pode ser acompanhada ao vivo pelos canais de comunica\u00e7\u00e3o da Casa de Leis.<\/p>\n<p>Em primeira discuss\u00e3o, os parlamentares devem votar o\u00a0Projeto de Lei Complementar 03\/2022, que altera a\u00a0Lei Complementar 87\/2000, que disp\u00f5e sobre o Estatuto dos Profissionais da Educa\u00e7\u00e3o B\u00e1sica do Estado de Mato Grosso do Sul. Com a mudan\u00e7a, o Governo ter\u00e1 autoriza\u00e7\u00e3o excepcional para convoca\u00e7\u00e3o de profissionais \u201cque n\u00e3o t\u00eam habilita\u00e7\u00e3o em n\u00edvel superior com licenciatura a fim de viabilizar a completa oferta da educa\u00e7\u00e3o em nosso Estado\u201d.<\/p>\n<p>Tamb\u00e9m em primeira discuss\u00e3o, est\u00e1 pautado o\u00a0Projeto de Lei 93\/2022, do Poder Judici\u00e1rio. A proposta altera a\u00a0Lei 4.359\/2013, com o objetivo de \u201cregulamentar o destino dos valores recolhidos para fins de custear a indeniza\u00e7\u00e3o das dilig\u00eancias dos oficiais de Justi\u00e7a ap\u00f3s o decurso do prazo para o interessado requerer a devolu\u00e7\u00e3o desses recursos, sendo imprescind\u00edvel suprir a lacuna legal nessa mat\u00e9ria\u201d.<\/p>\n<p>Os deputados tamb\u00e9m devem votar, em discuss\u00e3o \u00fanica, o\u00a0Projeto de Lei 87\/2022, do Poder Executivo. A proposta altera a reda\u00e7\u00e3o e acrescenta dispositivo \u00e0\u00a0Lei 5.560\/2020, que institui denomina\u00e7\u00e3o Hist\u00f3rica aos Batalh\u00f5es, Esquadr\u00e3o Independente, Companhias Independentes e Unidades Escolas da Pol\u00edcia Militar do Estado de Mato Grosso do Sul. A mudan\u00e7a visa denominar a Corregedoria-Geral da Pol\u00edcia Militar, com sede em Campo Grande, de \u201cCorregedoria-Geral Coronel PM Marcelo Gomes Lopes\u201d.<\/p>\n<p>Deve ser votado\u00a0ainda, em discuss\u00e3o \u00fanica, o\u00a0Projeto de Decreto Legislativo 05\/2022, da Mesa Diretora. A mat\u00e9ria ratifica\u00a0conv\u00eanios e protocolos do Imposto sobre Circula\u00e7\u00e3o de Mercadorias e Presta\u00e7\u00e3o de Servi\u00e7os (ICMS) e ajustes do Sistema Nacional de Informa\u00e7\u00f5es Econ\u00f4mico-Fiscais (Sinief), celebrados entre o governo estadual e o Conselho Nacional de Pol\u00edtica Fazend\u00e1ria (Confaz).<\/p>\n<p>Servi\u00e7o<\/p>\n<p>As sess\u00f5es, por medida de biosseguran\u00e7a, permanecem fechadas ao p\u00fablico. No entanto, os interessados podem acompanh\u00e1-la pelos canais oficiais da Casa de Leis: Canal 9 da Claro\u00a0Net TV,\u00a0TV ALEMS,\u00a0Youtube,\u00a0Facebook,\u00a0R\u00e1dio ALEMS\u00a0e aplicativo Assembleia MS (Android\/iOS).<\/p>\n","protected":false},"excerpt":{"rendered":"<p>Quatro projetos est\u00e3o pautados para a sess\u00e3o ordin\u00e1ria desta quinta-feira (28) na Assembleia Legislativa de&#8230;<\/p>\n","protected":false},"author":12,"featured_media":0,"comment_status":"closed","ping_status":"closed","sticky":false,"template":"","format":"standard","meta":{"footnotes":""},"categories":[19],"tags":[],"class_list":["post-11724443","post","type-post","status-publish","format-standard","hentry","category-politica"],"_links":{"self":[{"href":"https:\/\/www.corumbaonline.com.br\/news\/wp-json\/wp\/v2\/posts\/11724443","targetHints":{"allow":["GET"]}}],"collection":[{"href":"https:\/\/www.corumbaonline.com.br\/news\/wp-json\/wp\/v2\/posts"}],"about":[{"href":"https:\/\/www.corumbaonline.com.br\/news\/wp-json\/wp\/v2\/types\/post"}],"author":[{"embeddable":true,"href":"https:\/\/www.corumbaonline.com.br\/news\/wp-json\/wp\/v2\/users\/12"}],"replies":[{"embeddable":true,"href":"https:\/\/www.corumbaonline.com.br\/news\/wp-json\/wp\/v2\/comments?post=11724443"}],"version-history":[{"count":1,"href":"https:\/\/www.corumbaonline.com.br\/news\/wp-json\/wp\/v2\/posts\/11724443\/revisions"}],"predecessor-version":[{"id":11724444,"href":"https:\/\/www.corumbaonline.com.br\/news\/wp-json\/wp\/v2\/posts\/11724443\/revisions\/11724444"}],"wp:attachment":[{"href":"https:\/\/www.corumbaonline.com.br\/news\/wp-json\/wp\/v2\/media?parent=11724443"}],"wp:term":[{"taxonomy":"category","embeddable":true,"href":"https:\/\/www.corumbaonline.com.br\/news\/wp-json\/wp\/v2\/categories?post=11724443"},{"taxonomy":"post_tag","embeddable":true,"href":"https:\/\/www.corumbaonline.com.br\/news\/wp-json\/wp\/v2\/tags?post=11724443"}],"curies":[{"name":"wp","href":"https:\/\/api.w.org\/{rel}","templated":true}]}}